{"id":1415,"date":"2019-11-26T08:32:17","date_gmt":"2019-11-26T07:32:17","guid":{"rendered":"https:\/\/modelarzeolsztyn.pl\/?p=1415"},"modified":"2019-11-26T08:32:19","modified_gmt":"2019-11-26T07:32:19","slug":"serdeczne-podziekowania-dla-nadlesnictwa-gorowo-ilaweckie","status":"publish","type":"post","link":"https:\/\/modelarzeolsztyn.pl\/index.php\/2019\/11\/26\/serdeczne-podziekowania-dla-nadlesnictwa-gorowo-ilaweckie\/","title":{"rendered":"Serdeczne podzi\u0119kowania dla Nadle\u015bnictwa G\u00f3rowo I\u0142aweckie"},"content":{"rendered":"\n<p>Chcieliby\u015bmy bardzo serdecznie podzi\u0119kowa\u0107 <strong><a href=\"http:\/\/www.gorowo-ilaweckie.olsztyn.lasy.gov.pl\/\">Nadle\u015bnictwu G\u00f3rowo I\u0142aweckie<\/a><\/strong> za finansowe wsparcie naszego modelarskiego stowarzyszenia. <\/p>\n\n\n\n<p>Nie by\u0142oby to mo\u017cliwe bez zaanga\u017cowania si\u0119 osoby Pana Mariusza Orzechowskiego  &#8211; <strong>Dyrektora <a href=\"http:\/\/www.olsztyn.lasy.gov.pl\/\">Regionalnej Dyrekcji Las\u00f3w Pa\u0144stwowych w Olsztynie<\/a><\/strong>.<\/p>\n\n\n\n<p>Dzi\u0119ki takim osobom i instytucjom, kt\u00f3rym nie jest oboj\u0119tny los kultury modelarskiej, festiwal w Olsztynie mo\u017ce odbywa\u0107 si\u0119 ju\u017c od jedenastu lat. Bez wsparcia sponsor\u00f3w by\u0142oby bardzo trudno sprawia\u0107, by festiwal si\u0119 odbywa\u0142, by by\u0142 z roku na rok coraz lepszy, ciekawszy i odci\u0105ga\u0142 dzieci od komputer\u00f3w czy smartfon\u00f3w na rzecz szeroko poj\u0119tego r\u0119kodzie\u0142a.<\/p>\n\n\n\n<p>Bardzo dzi\u0119kujemy! <\/p>\n\n\n\n<figure class=\"wp-block-gallery columns-2 is-cropped wp-block-gallery-1 is-layout-flex wp-block-gallery-is-layout-flex\"><ul class=\"blocks-gallery-grid\"><li class=\"blocks-gallery-item\"><figure><a href=\"https:\/\/modelarzeolsztyn.pl\/wp-content\/uploads\/2019\/11\/regionalnadyrlas\u00f3w.png\"><img loading=\"lazy\" decoding=\"async\" width=\"392\" height=\"100\" src=\"https:\/\/modelarzeolsztyn.pl\/wp-content\/uploads\/2019\/11\/regionalnadyrlas\u00f3w.png\" alt=\"\" data-id=\"1417\" data-full-url=\"https:\/\/modelarzeolsztyn.pl\/wp-content\/uploads\/2019\/11\/regionalnadyrlas\u00f3w.png\" data-link=\"https:\/\/modelarzeolsztyn.pl\/?attachment_id=1417\" class=\"wp-image-1417\" srcset=\"https:\/\/modelarzeolsztyn.pl\/wp-content\/uploads\/2019\/11\/regionalnadyrlas\u00f3w.png 392w, https:\/\/modelarzeolsztyn.pl\/wp-content\/uploads\/2019\/11\/regionalnadyrlas\u00f3w-300x77.png 300w\" sizes=\"(max-width: 392px) 100vw, 392px\" \/><\/a><\/figure><\/li><li class=\"blocks-gallery-item\"><figure><a href=\"https:\/\/modelarzeolsztyn.pl\/wp-content\/uploads\/2019\/11\/NadlesnictwoGorowo.png\"><img loading=\"lazy\" decoding=\"async\" width=\"384\" height=\"101\" src=\"https:\/\/modelarzeolsztyn.pl\/wp-content\/uploads\/2019\/11\/NadlesnictwoGorowo.png\" alt=\"\" data-id=\"1416\" data-full-url=\"https:\/\/modelarzeolsztyn.pl\/wp-content\/uploads\/2019\/11\/NadlesnictwoGorowo.png\" data-link=\"https:\/\/modelarzeolsztyn.pl\/?attachment_id=1416\" class=\"wp-image-1416\" srcset=\"https:\/\/modelarzeolsztyn.pl\/wp-content\/uploads\/2019\/11\/NadlesnictwoGorowo.png 384w, https:\/\/modelarzeolsztyn.pl\/wp-content\/uploads\/2019\/11\/NadlesnictwoGorowo-300x79.png 300w\" sizes=\"(max-width: 384px) 100vw, 384px\" \/><\/a><\/figure><\/li><\/ul><\/figure>\n","protected":false},"excerpt":{"rendered":"<p>Chcieliby\u015bmy bardzo serdecznie podzi\u0119kowa\u0107 Nadle\u015bnictwu G\u00f3rowo I\u0142aweckie za finansowe wsparcie naszego modelarskiego stowarzyszenia. Nie by\u0142oby to mo\u017cliwe bez zaanga\u017cowania si\u0119 osoby Pana Mariusza Orzechowskiego &#8211; Dyrektora Regionalnej Dyrekcji Las\u00f3w Pa\u0144stwowych w Olsztynie. Dzi\u0119ki takim osobom i instytucjom, kt\u00f3rym nie jest oboj\u0119tny los kultury modelarskiej, festiwal w Olsztynie mo\u017ce odbywa\u0107 si\u0119 ju\u017c od jedenastu lat. Bez<a class=\"moretag\" href=\"https:\/\/modelarzeolsztyn.pl\/index.php\/2019\/11\/26\/serdeczne-podziekowania-dla-nadlesnictwa-gorowo-ilaweckie\/\"><span class=\"screen-reader-text\">Wi\u0119cej oSerdeczne podzi\u0119kowania dla Nadle\u015bnictwa G\u00f3rowo I\u0142aweckie<\/span>[&#8230;]<\/a><\/p>\n","protected":false},"author":1,"featured_media":1416,"comment_status":"open","ping_status":"open","sticky":false,"template":"","format":"standard","meta":{"footnotes":""},"categories":[5],"tags":[],"yoast_head":"<!-- This site is optimized with the Yoast SEO plugin v24.5 - https:\/\/yoast.com\/wordpress\/plugins\/seo\/ -->\n<title>Serdeczne podzi\u0119kowania dla Nadle\u015bnictwa G\u00f3rowo I\u0142aweckie - Olszty\u0144skie Stowarzyszenie Modelarzy &quot;Warmia&quot;<\/title>\n<meta name=\"robots\" content=\"index, follow, max-snippet:-1, max-image-preview:large, max-video-preview:-1\" \/>\n<link rel=\"canonical\" href=\"https:\/\/modelarzeolsztyn.pl\/index.php\/2019\/11\/26\/serdeczne-podziekowania-dla-nadlesnictwa-gorowo-ilaweckie\/\" \/>\n<meta property=\"og:locale\" content=\"pl_PL\" \/>\n<meta property=\"og:type\" content=\"article\" \/>\n<meta property=\"og:title\" content=\"Serdeczne podzi\u0119kowania dla Nadle\u015bnictwa G\u00f3rowo I\u0142aweckie - Olszty\u0144skie Stowarzyszenie Modelarzy &quot;Warmia&quot;\" \/>\n<meta property=\"og:description\" content=\"Chcieliby\u015bmy bardzo serdecznie podzi\u0119kowa\u0107 Nadle\u015bnictwu G\u00f3rowo I\u0142aweckie za finansowe wsparcie naszego modelarskiego stowarzyszenia. Nie by\u0142oby to mo\u017cliwe bez zaanga\u017cowania si\u0119 osoby Pana Mariusza Orzechowskiego &#8211; Dyrektora Regionalnej Dyrekcji Las\u00f3w Pa\u0144stwowych w Olsztynie. Dzi\u0119ki takim osobom i instytucjom, kt\u00f3rym nie jest oboj\u0119tny los kultury modelarskiej, festiwal w Olsztynie mo\u017ce odbywa\u0107 si\u0119 ju\u017c od jedenastu lat. BezWi\u0119cej oSerdeczne podzi\u0119kowania dla Nadle\u015bnictwa G\u00f3rowo I\u0142aweckie[...]\" \/>\n<meta property=\"og:url\" content=\"https:\/\/modelarzeolsztyn.pl\/index.php\/2019\/11\/26\/serdeczne-podziekowania-dla-nadlesnictwa-gorowo-ilaweckie\/\" \/>\n<meta property=\"og:site_name\" content=\"Olszty\u0144skie Stowarzyszenie Modelarzy &quot;Warmia&quot;\" \/>\n<meta property=\"article:publisher\" content=\"https:\/\/www.facebook.com\/Olszty%c5%84skie-Stowarzyszenie-Modelarzy-Warmia-1049089618478093\/\" \/>\n<meta property=\"article:published_time\" content=\"2019-11-26T07:32:17+00:00\" \/>\n<meta property=\"article:modified_time\" content=\"2019-11-26T07:32:19+00:00\" \/>\n<meta property=\"og:image\" content=\"https:\/\/modelarzeolsztyn.pl\/wp-content\/uploads\/2019\/11\/NadlesnictwoGorowo.png\" \/>\n\t<meta property=\"og:image:width\" content=\"384\" \/>\n\t<meta property=\"og:image:height\" content=\"101\" \/>\n\t<meta property=\"og:image:type\" content=\"image\/png\" \/>\n<meta name=\"author\" content=\"xychu\" \/>\n<meta name=\"twitter:card\" content=\"summary_large_image\" \/>\n<meta name=\"twitter:label1\" content=\"Napisane przez\" \/>\n\t<meta name=\"twitter:data1\" content=\"xychu\" \/>\n\t<meta name=\"twitter:label2\" content=\"Szacowany czas czytania\" \/>\n\t<meta name=\"twitter:data2\" content=\"1 minuta\" \/>\n<script type=\"application\/ld+json\" class=\"yoast-schema-graph\">{\"@context\":\"https:\/\/schema.org\",\"@graph\":[{\"@type\":\"Article\",\"@id\":\"https:\/\/modelarzeolsztyn.pl\/index.php\/2019\/11\/26\/serdeczne-podziekowania-dla-nadlesnictwa-gorowo-ilaweckie\/#article\",\"isPartOf\":{\"@id\":\"https:\/\/modelarzeolsztyn.pl\/index.php\/2019\/11\/26\/serdeczne-podziekowania-dla-nadlesnictwa-gorowo-ilaweckie\/\"},\"author\":{\"name\":\"xychu\",\"@id\":\"https:\/\/modelarzeolsztyn.pl\/#\/schema\/person\/c62f133d440e75d3fe3eda0ea7f064d8\"},\"headline\":\"Serdeczne podzi\u0119kowania dla Nadle\u015bnictwa G\u00f3rowo I\u0142aweckie\",\"datePublished\":\"2019-11-26T07:32:17+00:00\",\"dateModified\":\"2019-11-26T07:32:19+00:00\",\"mainEntityOfPage\":{\"@id\":\"https:\/\/modelarzeolsztyn.pl\/index.php\/2019\/11\/26\/serdeczne-podziekowania-dla-nadlesnictwa-gorowo-ilaweckie\/\"},\"wordCount\":121,\"commentCount\":0,\"publisher\":{\"@id\":\"https:\/\/modelarzeolsztyn.pl\/#organization\"},\"image\":{\"@id\":\"https:\/\/modelarzeolsztyn.pl\/index.php\/2019\/11\/26\/serdeczne-podziekowania-dla-nadlesnictwa-gorowo-ilaweckie\/#primaryimage\"},\"thumbnailUrl\":\"https:\/\/modelarzeolsztyn.pl\/wp-content\/uploads\/2019\/11\/NadlesnictwoGorowo.png\",\"articleSection\":[\"Wydarzenia oko\u0142omodelarskie\"],\"inLanguage\":\"pl-PL\",\"potentialAction\":[{\"@type\":\"CommentAction\",\"name\":\"Comment\",\"target\":[\"https:\/\/modelarzeolsztyn.pl\/index.php\/2019\/11\/26\/serdeczne-podziekowania-dla-nadlesnictwa-gorowo-ilaweckie\/#respond\"]}]},{\"@type\":\"WebPage\",\"@id\":\"https:\/\/modelarzeolsztyn.pl\/index.php\/2019\/11\/26\/serdeczne-podziekowania-dla-nadlesnictwa-gorowo-ilaweckie\/\",\"url\":\"https:\/\/modelarzeolsztyn.pl\/index.php\/2019\/11\/26\/serdeczne-podziekowania-dla-nadlesnictwa-gorowo-ilaweckie\/\",\"name\":\"Serdeczne podzi\u0119kowania dla Nadle\u015bnictwa G\u00f3rowo I\u0142aweckie - Olszty\u0144skie Stowarzyszenie Modelarzy &quot;Warmia&quot;\",\"isPartOf\":{\"@id\":\"https:\/\/modelarzeolsztyn.pl\/#website\"},\"primaryImageOfPage\":{\"@id\":\"https:\/\/modelarzeolsztyn.pl\/index.php\/2019\/11\/26\/serdeczne-podziekowania-dla-nadlesnictwa-gorowo-ilaweckie\/#primaryimage\"},\"image\":{\"@id\":\"https:\/\/modelarzeolsztyn.pl\/index.php\/2019\/11\/26\/serdeczne-podziekowania-dla-nadlesnictwa-gorowo-ilaweckie\/#primaryimage\"},\"thumbnailUrl\":\"https:\/\/modelarzeolsztyn.pl\/wp-content\/uploads\/2019\/11\/NadlesnictwoGorowo.png\",\"datePublished\":\"2019-11-26T07:32:17+00:00\",\"dateModified\":\"2019-11-26T07:32:19+00:00\",\"breadcrumb\":{\"@id\":\"https:\/\/modelarzeolsztyn.pl\/index.php\/2019\/11\/26\/serdeczne-podziekowania-dla-nadlesnictwa-gorowo-ilaweckie\/#breadcrumb\"},\"inLanguage\":\"pl-PL\",\"potentialAction\":[{\"@type\":\"ReadAction\",\"target\":[\"https:\/\/modelarzeolsztyn.pl\/index.php\/2019\/11\/26\/serdeczne-podziekowania-dla-nadlesnictwa-gorowo-ilaweckie\/\"]}]},{\"@type\":\"ImageObject\",\"inLanguage\":\"pl-PL\",\"@id\":\"https:\/\/modelarzeolsztyn.pl\/index.php\/2019\/11\/26\/serdeczne-podziekowania-dla-nadlesnictwa-gorowo-ilaweckie\/#primaryimage\",\"url\":\"https:\/\/modelarzeolsztyn.pl\/wp-content\/uploads\/2019\/11\/NadlesnictwoGorowo.png\",\"contentUrl\":\"https:\/\/modelarzeolsztyn.pl\/wp-content\/uploads\/2019\/11\/NadlesnictwoGorowo.png\",\"width\":384,\"height\":101},{\"@type\":\"BreadcrumbList\",\"@id\":\"https:\/\/modelarzeolsztyn.pl\/index.php\/2019\/11\/26\/serdeczne-podziekowania-dla-nadlesnictwa-gorowo-ilaweckie\/#breadcrumb\",\"itemListElement\":[{\"@type\":\"ListItem\",\"position\":1,\"name\":\"Strona g\u0142\u00f3wna\",\"item\":\"https:\/\/modelarzeolsztyn.pl\/\"},{\"@type\":\"ListItem\",\"position\":2,\"name\":\"Serdeczne podzi\u0119kowania dla Nadle\u015bnictwa G\u00f3rowo I\u0142aweckie\"}]},{\"@type\":\"WebSite\",\"@id\":\"https:\/\/modelarzeolsztyn.pl\/#website\",\"url\":\"https:\/\/modelarzeolsztyn.pl\/\",\"name\":\"Olszty\u0144skie Stowarzyszenie Modelarzy &quot;Warmia&quot;\",\"description\":\"Witryna stowarzyszenia zapale\u0144c\u00f3w modelarskich z Olsztyna i okolic\",\"publisher\":{\"@id\":\"https:\/\/modelarzeolsztyn.pl\/#organization\"},\"potentialAction\":[{\"@type\":\"SearchAction\",\"target\":{\"@type\":\"EntryPoint\",\"urlTemplate\":\"https:\/\/modelarzeolsztyn.pl\/?s={search_term_string}\"},\"query-input\":{\"@type\":\"PropertyValueSpecification\",\"valueRequired\":true,\"valueName\":\"search_term_string\"}}],\"inLanguage\":\"pl-PL\"},{\"@type\":\"Organization\",\"@id\":\"https:\/\/modelarzeolsztyn.pl\/#organization\",\"name\":\"Olszty\u0144skie Stowarzyszenie Modelarzy \\\"Warmia\\\"\",\"url\":\"https:\/\/modelarzeolsztyn.pl\/\",\"logo\":{\"@type\":\"ImageObject\",\"inLanguage\":\"pl-PL\",\"@id\":\"https:\/\/modelarzeolsztyn.pl\/#\/schema\/logo\/image\/\",\"url\":\"https:\/\/modelarzeolsztyn.pl\/wp-content\/uploads\/2017\/08\/cropped-logoprzez.png\",\"contentUrl\":\"https:\/\/modelarzeolsztyn.pl\/wp-content\/uploads\/2017\/08\/cropped-logoprzez.png\",\"width\":512,\"height\":512,\"caption\":\"Olszty\u0144skie Stowarzyszenie Modelarzy \\\"Warmia\\\"\"},\"image\":{\"@id\":\"https:\/\/modelarzeolsztyn.pl\/#\/schema\/logo\/image\/\"},\"sameAs\":[\"https:\/\/www.facebook.com\/Olszty\u0144skie-Stowarzyszenie-Modelarzy-Warmia-1049089618478093\/\"]},{\"@type\":\"Person\",\"@id\":\"https:\/\/modelarzeolsztyn.pl\/#\/schema\/person\/c62f133d440e75d3fe3eda0ea7f064d8\",\"name\":\"xychu\",\"image\":{\"@type\":\"ImageObject\",\"inLanguage\":\"pl-PL\",\"@id\":\"https:\/\/modelarzeolsztyn.pl\/#\/schema\/person\/image\/\",\"url\":\"https:\/\/secure.gravatar.com\/avatar\/e82a7c048d8e8fab01975bc0c6ef7565?s=96&d=mm&r=g\",\"contentUrl\":\"https:\/\/secure.gravatar.com\/avatar\/e82a7c048d8e8fab01975bc0c6ef7565?s=96&d=mm&r=g\",\"caption\":\"xychu\"}}]}<\/script>\n<!-- \/ Yoast SEO plugin. -->","yoast_head_json":{"title":"Serdeczne podzi\u0119kowania dla Nadle\u015bnictwa G\u00f3rowo I\u0142aweckie - Olszty\u0144skie Stowarzyszenie Modelarzy &quot;Warmia&quot;","robots":{"index":"index","follow":"follow","max-snippet":"max-snippet:-1","max-image-preview":"max-image-preview:large","max-video-preview":"max-video-preview:-1"},"canonical":"https:\/\/modelarzeolsztyn.pl\/index.php\/2019\/11\/26\/serdeczne-podziekowania-dla-nadlesnictwa-gorowo-ilaweckie\/","og_locale":"pl_PL","og_type":"article","og_title":"Serdeczne podzi\u0119kowania dla Nadle\u015bnictwa G\u00f3rowo I\u0142aweckie - Olszty\u0144skie Stowarzyszenie Modelarzy &quot;Warmia&quot;","og_description":"Chcieliby\u015bmy bardzo serdecznie podzi\u0119kowa\u0107 Nadle\u015bnictwu G\u00f3rowo I\u0142aweckie za finansowe wsparcie naszego modelarskiego stowarzyszenia. Nie by\u0142oby to mo\u017cliwe bez zaanga\u017cowania si\u0119 osoby Pana Mariusza Orzechowskiego &#8211; Dyrektora Regionalnej Dyrekcji Las\u00f3w Pa\u0144stwowych w Olsztynie. Dzi\u0119ki takim osobom i instytucjom, kt\u00f3rym nie jest oboj\u0119tny los kultury modelarskiej, festiwal w Olsztynie mo\u017ce odbywa\u0107 si\u0119 ju\u017c od jedenastu lat. BezWi\u0119cej oSerdeczne podzi\u0119kowania dla Nadle\u015bnictwa G\u00f3rowo I\u0142aweckie[...]","og_url":"https:\/\/modelarzeolsztyn.pl\/index.php\/2019\/11\/26\/serdeczne-podziekowania-dla-nadlesnictwa-gorowo-ilaweckie\/","og_site_name":"Olszty\u0144skie Stowarzyszenie Modelarzy &quot;Warmia&quot;","article_publisher":"https:\/\/www.facebook.com\/Olszty%c5%84skie-Stowarzyszenie-Modelarzy-Warmia-1049089618478093\/","article_published_time":"2019-11-26T07:32:17+00:00","article_modified_time":"2019-11-26T07:32:19+00:00","og_image":[{"width":384,"height":101,"url":"https:\/\/modelarzeolsztyn.pl\/wp-content\/uploads\/2019\/11\/NadlesnictwoGorowo.png","type":"image\/png"}],"author":"xychu","twitter_card":"summary_large_image","twitter_misc":{"Napisane przez":"xychu","Szacowany czas czytania":"1 minuta"},"schema":{"@context":"https:\/\/schema.org","@graph":[{"@type":"Article","@id":"https:\/\/modelarzeolsztyn.pl\/index.php\/2019\/11\/26\/serdeczne-podziekowania-dla-nadlesnictwa-gorowo-ilaweckie\/#article","isPartOf":{"@id":"https:\/\/modelarzeolsztyn.pl\/index.php\/2019\/11\/26\/serdeczne-podziekowania-dla-nadlesnictwa-gorowo-ilaweckie\/"},"author":{"name":"xychu","@id":"https:\/\/modelarzeolsztyn.pl\/#\/schema\/person\/c62f133d440e75d3fe3eda0ea7f064d8"},"headline":"Serdeczne podzi\u0119kowania dla Nadle\u015bnictwa G\u00f3rowo I\u0142aweckie","datePublished":"2019-11-26T07:32:17+00:00","dateModified":"2019-11-26T07:32:19+00:00","mainEntityOfPage":{"@id":"https:\/\/modelarzeolsztyn.pl\/index.php\/2019\/11\/26\/serdeczne-podziekowania-dla-nadlesnictwa-gorowo-ilaweckie\/"},"wordCount":121,"commentCount":0,"publisher":{"@id":"https:\/\/modelarzeolsztyn.pl\/#organization"},"image":{"@id":"https:\/\/modelarzeolsztyn.pl\/index.php\/2019\/11\/26\/serdeczne-podziekowania-dla-nadlesnictwa-gorowo-ilaweckie\/#primaryimage"},"thumbnailUrl":"https:\/\/modelarzeolsztyn.pl\/wp-content\/uploads\/2019\/11\/NadlesnictwoGorowo.png","articleSection":["Wydarzenia oko\u0142omodelarskie"],"inLanguage":"pl-PL","potentialAction":[{"@type":"CommentAction","name":"Comment","target":["https:\/\/modelarzeolsztyn.pl\/index.php\/2019\/11\/26\/serdeczne-podziekowania-dla-nadlesnictwa-gorowo-ilaweckie\/#respond"]}]},{"@type":"WebPage","@id":"https:\/\/modelarzeolsztyn.pl\/index.php\/2019\/11\/26\/serdeczne-podziekowania-dla-nadlesnictwa-gorowo-ilaweckie\/","url":"https:\/\/modelarzeolsztyn.pl\/index.php\/2019\/11\/26\/serdeczne-podziekowania-dla-nadlesnictwa-gorowo-ilaweckie\/","name":"Serdeczne podzi\u0119kowania dla Nadle\u015bnictwa G\u00f3rowo I\u0142aweckie - Olszty\u0144skie Stowarzyszenie Modelarzy &quot;Warmia&quot;","isPartOf":{"@id":"https:\/\/modelarzeolsztyn.pl\/#website"},"primaryImageOfPage":{"@id":"https:\/\/modelarzeolsztyn.pl\/index.php\/2019\/11\/26\/serdeczne-podziekowania-dla-nadlesnictwa-gorowo-ilaweckie\/#primaryimage"},"image":{"@id":"https:\/\/modelarzeolsztyn.pl\/index.php\/2019\/11\/26\/serdeczne-podziekowania-dla-nadlesnictwa-gorowo-ilaweckie\/#primaryimage"},"thumbnailUrl":"https:\/\/modelarzeolsztyn.pl\/wp-content\/uploads\/2019\/11\/NadlesnictwoGorowo.png","datePublished":"2019-11-26T07:32:17+00:00","dateModified":"2019-11-26T07:32:19+00:00","breadcrumb":{"@id":"https:\/\/modelarzeolsztyn.pl\/index.php\/2019\/11\/26\/serdeczne-podziekowania-dla-nadlesnictwa-gorowo-ilaweckie\/#breadcrumb"},"inLanguage":"pl-PL","potentialAction":[{"@type":"ReadAction","target":["https:\/\/modelarzeolsztyn.pl\/index.php\/2019\/11\/26\/serdeczne-podziekowania-dla-nadlesnictwa-gorowo-ilaweckie\/"]}]},{"@type":"ImageObject","inLanguage":"pl-PL","@id":"https:\/\/modelarzeolsztyn.pl\/index.php\/2019\/11\/26\/serdeczne-podziekowania-dla-nadlesnictwa-gorowo-ilaweckie\/#primaryimage","url":"https:\/\/modelarzeolsztyn.pl\/wp-content\/uploads\/2019\/11\/NadlesnictwoGorowo.png","contentUrl":"https:\/\/modelarzeolsztyn.pl\/wp-content\/uploads\/2019\/11\/NadlesnictwoGorowo.png","width":384,"height":101},{"@type":"BreadcrumbList","@id":"https:\/\/modelarzeolsztyn.pl\/index.php\/2019\/11\/26\/serdeczne-podziekowania-dla-nadlesnictwa-gorowo-ilaweckie\/#breadcrumb","itemListElement":[{"@type":"ListItem","position":1,"name":"Strona g\u0142\u00f3wna","item":"https:\/\/modelarzeolsztyn.pl\/"},{"@type":"ListItem","position":2,"name":"Serdeczne podzi\u0119kowania dla Nadle\u015bnictwa G\u00f3rowo I\u0142aweckie"}]},{"@type":"WebSite","@id":"https:\/\/modelarzeolsztyn.pl\/#website","url":"https:\/\/modelarzeolsztyn.pl\/","name":"Olszty\u0144skie Stowarzyszenie Modelarzy &quot;Warmia&quot;","description":"Witryna stowarzyszenia zapale\u0144c\u00f3w modelarskich z Olsztyna i okolic","publisher":{"@id":"https:\/\/modelarzeolsztyn.pl\/#organization"},"potentialAction":[{"@type":"SearchAction","target":{"@type":"EntryPoint","urlTemplate":"https:\/\/modelarzeolsztyn.pl\/?s={search_term_string}"},"query-input":{"@type":"PropertyValueSpecification","valueRequired":true,"valueName":"search_term_string"}}],"inLanguage":"pl-PL"},{"@type":"Organization","@id":"https:\/\/modelarzeolsztyn.pl\/#organization","name":"Olszty\u0144skie Stowarzyszenie Modelarzy \"Warmia\"","url":"https:\/\/modelarzeolsztyn.pl\/","logo":{"@type":"ImageObject","inLanguage":"pl-PL","@id":"https:\/\/modelarzeolsztyn.pl\/#\/schema\/logo\/image\/","url":"https:\/\/modelarzeolsztyn.pl\/wp-content\/uploads\/2017\/08\/cropped-logoprzez.png","contentUrl":"https:\/\/modelarzeolsztyn.pl\/wp-content\/uploads\/2017\/08\/cropped-logoprzez.png","width":512,"height":512,"caption":"Olszty\u0144skie Stowarzyszenie Modelarzy \"Warmia\""},"image":{"@id":"https:\/\/modelarzeolsztyn.pl\/#\/schema\/logo\/image\/"},"sameAs":["https:\/\/www.facebook.com\/Olszty\u0144skie-Stowarzyszenie-Modelarzy-Warmia-1049089618478093\/"]},{"@type":"Person","@id":"https:\/\/modelarzeolsztyn.pl\/#\/schema\/person\/c62f133d440e75d3fe3eda0ea7f064d8","name":"xychu","image":{"@type":"ImageObject","inLanguage":"pl-PL","@id":"https:\/\/modelarzeolsztyn.pl\/#\/schema\/person\/image\/","url":"https:\/\/secure.gravatar.com\/avatar\/e82a7c048d8e8fab01975bc0c6ef7565?s=96&d=mm&r=g","contentUrl":"https:\/\/secure.gravatar.com\/avatar\/e82a7c048d8e8fab01975bc0c6ef7565?s=96&d=mm&r=g","caption":"xychu"}}]}},"_links":{"self":[{"href":"https:\/\/modelarzeolsztyn.pl\/index.php\/wp-json\/wp\/v2\/posts\/1415"}],"collection":[{"href":"https:\/\/modelarzeolsztyn.pl\/index.php\/wp-json\/wp\/v2\/posts"}],"about":[{"href":"https:\/\/modelarzeolsztyn.pl\/index.php\/wp-json\/wp\/v2\/types\/post"}],"author":[{"embeddable":true,"href":"https:\/\/modelarzeolsztyn.pl\/index.php\/wp-json\/wp\/v2\/users\/1"}],"replies":[{"embeddable":true,"href":"https:\/\/modelarzeolsztyn.pl\/index.php\/wp-json\/wp\/v2\/comments?post=1415"}],"version-history":[{"count":1,"href":"https:\/\/modelarzeolsztyn.pl\/index.php\/wp-json\/wp\/v2\/posts\/1415\/revisions"}],"predecessor-version":[{"id":1418,"href":"https:\/\/modelarzeolsztyn.pl\/index.php\/wp-json\/wp\/v2\/posts\/1415\/revisions\/1418"}],"wp:featuredmedia":[{"embeddable":true,"href":"https:\/\/modelarzeolsztyn.pl\/index.php\/wp-json\/wp\/v2\/media\/1416"}],"wp:attachment":[{"href":"https:\/\/modelarzeolsztyn.pl\/index.php\/wp-json\/wp\/v2\/media?parent=1415"}],"wp:term":[{"taxonomy":"category","embeddable":true,"href":"https:\/\/modelarzeolsztyn.pl\/index.php\/wp-json\/wp\/v2\/categories?post=1415"},{"taxonomy":"post_tag","embeddable":true,"href":"https:\/\/modelarzeolsztyn.pl\/index.php\/wp-json\/wp\/v2\/tags?post=1415"}],"curies":[{"name":"wp","href":"https:\/\/api.w.org\/{rel}","templated":true}]}}