{"id":1479,"date":"2020-02-17T08:46:47","date_gmt":"2020-02-17T07:46:47","guid":{"rendered":"https:\/\/modelarzeolsztyn.pl\/?p=1479"},"modified":"2020-02-17T09:51:22","modified_gmt":"2020-02-17T08:51:22","slug":"wernisaz-wystawy-modeli-w-ostrodzie","status":"publish","type":"post","link":"https:\/\/modelarzeolsztyn.pl\/index.php\/2020\/02\/17\/wernisaz-wystawy-modeli-w-ostrodzie\/","title":{"rendered":"Wernisa\u017c Wystawy Modeli w Ostr\u00f3dzie"},"content":{"rendered":"\n<p><strong>W amfiteatrze w Ostr\u00f3dzie odbywa si\u0119 w\u0142a\u015bnie si\u0119 wernisa\u017c wystawy  modeli. Eksponaty pochodz\u0105 ze zbior\u00f3w m.in. cz\u0142onk\u00f3w Olszty\u0144skiego  Stowarzyszenia Modelarzy &#8222;Warmia&#8221;. Podczas wernisa\u017cu chcemy zaprosi\u0107 na XI Festiwal Kultury Modelarskiej,  kt\u00f3ry odb\u0119dzie si\u0119 18-19 kwietnia w Olsztynie.<\/strong><\/p>\n\n\n\n<p>Wystawa modeli ma pokaza\u0107 r\u00f3\u017cnorodno\u015b\u0107 i pracoch\u0142onno\u015b\u0107 tej pasji. W  galerii amfiteatru mo\u017cna podziwia\u0107 m.in. okr\u0119ty, lotniskowce,  samoloty, czo\u0142gi, figurki. Uczestnicy pokazuj\u0105 r\u00f3wnie\u017c plany modelarskie,  rysunki projektowe oraz zdj\u0119cia, tak aby widz m\u00f3g\u0142 zobaczy\u0107 kolejne  etapy powstawania modeli.<\/p>\n\n\n\n<p>Na wystawie znajdzie si\u0119 kilkadziesi\u0105t eksponat\u00f3w. Wystaw\u0119 mo\u017cna ogl\u0105da\u0107 do 28 lutego. <\/p>\n\n\n\n<p>Serdecznie zapraszamy, wst\u0119p oczywi\u015bcie wolny!<\/p>\n\n\n\n<figure class=\"wp-block-gallery columns-3 is-cropped wp-block-gallery-1 is-layout-flex wp-block-gallery-is-layout-flex\"><ul class=\"blocks-gallery-grid\"><li class=\"blocks-gallery-item\"><figure><a href=\"https:\/\/modelarzeolsztyn.pl\/wp-content\/uploads\/2020\/02\/ostr\u00f3da2020-1.jpg\"><img loading=\"lazy\" decoding=\"async\" width=\"678\" height=\"960\" src=\"https:\/\/modelarzeolsztyn.pl\/wp-content\/uploads\/2020\/02\/ostr\u00f3da2020-1.jpg\" alt=\"\" data-id=\"1509\" data-full-url=\"https:\/\/modelarzeolsztyn.pl\/wp-content\/uploads\/2020\/02\/ostr\u00f3da2020-1.jpg\" data-link=\"https:\/\/modelarzeolsztyn.pl\/?attachment_id=1509\" class=\"wp-image-1509\" srcset=\"https:\/\/modelarzeolsztyn.pl\/wp-content\/uploads\/2020\/02\/ostr\u00f3da2020-1.jpg 678w, https:\/\/modelarzeolsztyn.pl\/wp-content\/uploads\/2020\/02\/ostr\u00f3da2020-1-212x300.jpg 212w\" sizes=\"(max-width: 678px) 100vw, 678px\" \/><\/a><\/figure><\/li><li class=\"blocks-gallery-item\"><figure><a href=\"https:\/\/modelarzeolsztyn.pl\/wp-content\/uploads\/2020\/02\/IMG_20200215_152109-1024x768.jpg\"><img loading=\"lazy\" decoding=\"async\" width=\"1024\" height=\"768\" src=\"https:\/\/modelarzeolsztyn.pl\/wp-content\/uploads\/2020\/02\/IMG_20200215_152109-1024x768.jpg\" alt=\"\" data-id=\"1481\" data-link=\"https:\/\/modelarzeolsztyn.pl\/?attachment_id=1481\" class=\"wp-image-1481\" srcset=\"https:\/\/modelarzeolsztyn.pl\/wp-content\/uploads\/2020\/02\/IMG_20200215_152109-1024x768.jpg 1024w, https:\/\/modelarzeolsztyn.pl\/wp-content\/uploads\/2020\/02\/IMG_20200215_152109-300x225.jpg 300w, https:\/\/modelarzeolsztyn.pl\/wp-content\/uploads\/2020\/02\/IMG_20200215_152109-768x576.jpg 768w, https:\/\/modelarzeolsztyn.pl\/wp-content\/uploads\/2020\/02\/IMG_20200215_152109-1536x1152.jpg 1536w, https:\/\/modelarzeolsztyn.pl\/wp-content\/uploads\/2020\/02\/IMG_20200215_152109-2048x1536.jpg 2048w\" sizes=\"(max-width: 1024px) 100vw, 1024px\" \/><\/a><\/figure><\/li><li class=\"blocks-gallery-item\"><figure><a href=\"https:\/\/modelarzeolsztyn.pl\/wp-content\/uploads\/2020\/02\/IMG_20200215_152112-1024x768.jpg\"><img loading=\"lazy\" decoding=\"async\" width=\"1024\" height=\"768\" src=\"https:\/\/modelarzeolsztyn.pl\/wp-content\/uploads\/2020\/02\/IMG_20200215_152112-1024x768.jpg\" alt=\"\" data-id=\"1482\" data-link=\"https:\/\/modelarzeolsztyn.pl\/?attachment_id=1482\" class=\"wp-image-1482\" srcset=\"https:\/\/modelarzeolsztyn.pl\/wp-content\/uploads\/2020\/02\/IMG_20200215_152112-1024x768.jpg 1024w, https:\/\/modelarzeolsztyn.pl\/wp-content\/uploads\/2020\/02\/IMG_20200215_152112-300x225.jpg 300w, https:\/\/modelarzeolsztyn.pl\/wp-content\/uploads\/2020\/02\/IMG_20200215_152112-768x576.jpg 768w, https:\/\/modelarzeolsztyn.pl\/wp-content\/uploads\/2020\/02\/IMG_20200215_152112-1536x1152.jpg 1536w, https:\/\/modelarzeolsztyn.pl\/wp-content\/uploads\/2020\/02\/IMG_20200215_152112-2048x1536.jpg 2048w\" sizes=\"(max-width: 1024px) 100vw, 1024px\" \/><\/a><\/figure><\/li><li class=\"blocks-gallery-item\"><figure><a href=\"https:\/\/modelarzeolsztyn.pl\/wp-content\/uploads\/2020\/02\/IMG_20200215_152120-1024x768.jpg\"><img loading=\"lazy\" decoding=\"async\" width=\"1024\" height=\"768\" src=\"https:\/\/modelarzeolsztyn.pl\/wp-content\/uploads\/2020\/02\/IMG_20200215_152120-1024x768.jpg\" alt=\"\" data-id=\"1483\" data-link=\"https:\/\/modelarzeolsztyn.pl\/?attachment_id=1483\" class=\"wp-image-1483\" srcset=\"https:\/\/modelarzeolsztyn.pl\/wp-content\/uploads\/2020\/02\/IMG_20200215_152120-1024x768.jpg 1024w, https:\/\/modelarzeolsztyn.pl\/wp-content\/uploads\/2020\/02\/IMG_20200215_152120-300x225.jpg 300w, https:\/\/modelarzeolsztyn.pl\/wp-content\/uploads\/2020\/02\/IMG_20200215_152120-768x576.jpg 768w, https:\/\/modelarzeolsztyn.pl\/wp-content\/uploads\/2020\/02\/IMG_20200215_152120-1536x1152.jpg 1536w, https:\/\/modelarzeolsztyn.pl\/wp-content\/uploads\/2020\/02\/IMG_20200215_152120-2048x1536.jpg 2048w\" sizes=\"(max-width: 1024px) 100vw, 1024px\" \/><\/a><\/figure><\/li><li class=\"blocks-gallery-item\"><figure><a href=\"https:\/\/modelarzeolsztyn.pl\/wp-content\/uploads\/2020\/02\/IMG_20200215_152136-1024x768.jpg\"><img loading=\"lazy\" decoding=\"async\" width=\"1024\" height=\"768\" src=\"https:\/\/modelarzeolsztyn.pl\/wp-content\/uploads\/2020\/02\/IMG_20200215_152136-1024x768.jpg\" alt=\"\" data-id=\"1484\" data-link=\"https:\/\/modelarzeolsztyn.pl\/?attachment_id=1484\" class=\"wp-image-1484\" srcset=\"https:\/\/modelarzeolsztyn.pl\/wp-content\/uploads\/2020\/02\/IMG_20200215_152136-1024x768.jpg 1024w, https:\/\/modelarzeolsztyn.pl\/wp-content\/uploads\/2020\/02\/IMG_20200215_152136-300x225.jpg 300w, https:\/\/modelarzeolsztyn.pl\/wp-content\/uploads\/2020\/02\/IMG_20200215_152136-768x576.jpg 768w, https:\/\/modelarzeolsztyn.pl\/wp-content\/uploads\/2020\/02\/IMG_20200215_152136-1536x1152.jpg 1536w, https:\/\/modelarzeolsztyn.pl\/wp-content\/uploads\/2020\/02\/IMG_20200215_152136-2048x1536.jpg 2048w\" sizes=\"(max-width: 1024px) 100vw, 1024px\" \/><\/a><\/figure><\/li><li class=\"blocks-gallery-item\"><figure><a href=\"https:\/\/modelarzeolsztyn.pl\/wp-content\/uploads\/2020\/02\/IMG_20200215_160851-1024x768.jpg\"><img loading=\"lazy\" decoding=\"async\" width=\"1024\" height=\"768\" src=\"https:\/\/modelarzeolsztyn.pl\/wp-content\/uploads\/2020\/02\/IMG_20200215_160851-1024x768.jpg\" alt=\"\" data-id=\"1488\" data-link=\"https:\/\/modelarzeolsztyn.pl\/?attachment_id=1488\" class=\"wp-image-1488\" srcset=\"https:\/\/modelarzeolsztyn.pl\/wp-content\/uploads\/2020\/02\/IMG_20200215_160851-1024x768.jpg 1024w, https:\/\/modelarzeolsztyn.pl\/wp-content\/uploads\/2020\/02\/IMG_20200215_160851-300x225.jpg 300w, https:\/\/modelarzeolsztyn.pl\/wp-content\/uploads\/2020\/02\/IMG_20200215_160851-768x576.jpg 768w, https:\/\/modelarzeolsztyn.pl\/wp-content\/uploads\/2020\/02\/IMG_20200215_160851-1536x1152.jpg 1536w, https:\/\/modelarzeolsztyn.pl\/wp-content\/uploads\/2020\/02\/IMG_20200215_160851-2048x1536.jpg 2048w\" sizes=\"(max-width: 1024px) 100vw, 1024px\" \/><\/a><\/figure><\/li><li class=\"blocks-gallery-item\"><figure><a href=\"https:\/\/modelarzeolsztyn.pl\/wp-content\/uploads\/2020\/02\/IMG_20200215_162604-1024x768.jpg\"><img loading=\"lazy\" decoding=\"async\" width=\"1024\" height=\"768\" src=\"https:\/\/modelarzeolsztyn.pl\/wp-content\/uploads\/2020\/02\/IMG_20200215_162604-1024x768.jpg\" alt=\"\" data-id=\"1489\" data-link=\"https:\/\/modelarzeolsztyn.pl\/?attachment_id=1489\" class=\"wp-image-1489\" srcset=\"https:\/\/modelarzeolsztyn.pl\/wp-content\/uploads\/2020\/02\/IMG_20200215_162604-1024x768.jpg 1024w, https:\/\/modelarzeolsztyn.pl\/wp-content\/uploads\/2020\/02\/IMG_20200215_162604-300x225.jpg 300w, https:\/\/modelarzeolsztyn.pl\/wp-content\/uploads\/2020\/02\/IMG_20200215_162604-768x576.jpg 768w, https:\/\/modelarzeolsztyn.pl\/wp-content\/uploads\/2020\/02\/IMG_20200215_162604-1536x1152.jpg 1536w, https:\/\/modelarzeolsztyn.pl\/wp-content\/uploads\/2020\/02\/IMG_20200215_162604-2048x1536.jpg 2048w\" sizes=\"(max-width: 1024px) 100vw, 1024px\" \/><\/a><\/figure><\/li><li class=\"blocks-gallery-item\"><figure><a href=\"https:\/\/modelarzeolsztyn.pl\/wp-content\/uploads\/2020\/02\/IMG_20200215_162608-1024x768.jpg\"><img loading=\"lazy\" decoding=\"async\" width=\"1024\" height=\"768\" src=\"https:\/\/modelarzeolsztyn.pl\/wp-content\/uploads\/2020\/02\/IMG_20200215_162608-1024x768.jpg\" alt=\"\" data-id=\"1491\" data-link=\"https:\/\/modelarzeolsztyn.pl\/?attachment_id=1491\" class=\"wp-image-1491\" srcset=\"https:\/\/modelarzeolsztyn.pl\/wp-content\/uploads\/2020\/02\/IMG_20200215_162608-1024x768.jpg 1024w, https:\/\/modelarzeolsztyn.pl\/wp-content\/uploads\/2020\/02\/IMG_20200215_162608-300x225.jpg 300w, https:\/\/modelarzeolsztyn.pl\/wp-content\/uploads\/2020\/02\/IMG_20200215_162608-768x576.jpg 768w, https:\/\/modelarzeolsztyn.pl\/wp-content\/uploads\/2020\/02\/IMG_20200215_162608-1536x1152.jpg 1536w, https:\/\/modelarzeolsztyn.pl\/wp-content\/uploads\/2020\/02\/IMG_20200215_162608-2048x1536.jpg 2048w\" sizes=\"(max-width: 1024px) 100vw, 1024px\" \/><\/a><\/figure><\/li><li class=\"blocks-gallery-item\"><figure><a href=\"https:\/\/modelarzeolsztyn.pl\/wp-content\/uploads\/2020\/02\/IMG_20200215_162609-1024x768.jpg\"><img loading=\"lazy\" decoding=\"async\" width=\"1024\" height=\"768\" src=\"https:\/\/modelarzeolsztyn.pl\/wp-content\/uploads\/2020\/02\/IMG_20200215_162609-1024x768.jpg\" alt=\"\" data-id=\"1492\" data-link=\"https:\/\/modelarzeolsztyn.pl\/?attachment_id=1492\" class=\"wp-image-1492\" srcset=\"https:\/\/modelarzeolsztyn.pl\/wp-content\/uploads\/2020\/02\/IMG_20200215_162609-1024x768.jpg 1024w, https:\/\/modelarzeolsztyn.pl\/wp-content\/uploads\/2020\/02\/IMG_20200215_162609-300x225.jpg 300w, https:\/\/modelarzeolsztyn.pl\/wp-content\/uploads\/2020\/02\/IMG_20200215_162609-768x576.jpg 768w, https:\/\/modelarzeolsztyn.pl\/wp-content\/uploads\/2020\/02\/IMG_20200215_162609-1536x1152.jpg 1536w, https:\/\/modelarzeolsztyn.pl\/wp-content\/uploads\/2020\/02\/IMG_20200215_162609-2048x1536.jpg 2048w\" sizes=\"(max-width: 1024px) 100vw, 1024px\" \/><\/a><\/figure><\/li><li class=\"blocks-gallery-item\"><figure><a href=\"https:\/\/modelarzeolsztyn.pl\/wp-content\/uploads\/2020\/02\/IMG_20200215_162611-1024x768.jpg\"><img loading=\"lazy\" decoding=\"async\" width=\"1024\" height=\"768\" src=\"https:\/\/modelarzeolsztyn.pl\/wp-content\/uploads\/2020\/02\/IMG_20200215_162611-1024x768.jpg\" alt=\"\" data-id=\"1493\" data-link=\"https:\/\/modelarzeolsztyn.pl\/?attachment_id=1493\" class=\"wp-image-1493\" srcset=\"https:\/\/modelarzeolsztyn.pl\/wp-content\/uploads\/2020\/02\/IMG_20200215_162611-1024x768.jpg 1024w, https:\/\/modelarzeolsztyn.pl\/wp-content\/uploads\/2020\/02\/IMG_20200215_162611-300x225.jpg 300w, https:\/\/modelarzeolsztyn.pl\/wp-content\/uploads\/2020\/02\/IMG_20200215_162611-768x576.jpg 768w, https:\/\/modelarzeolsztyn.pl\/wp-content\/uploads\/2020\/02\/IMG_20200215_162611-1536x1152.jpg 1536w, https:\/\/modelarzeolsztyn.pl\/wp-content\/uploads\/2020\/02\/IMG_20200215_162611-2048x1536.jpg 2048w\" sizes=\"(max-width: 1024px) 100vw, 1024px\" \/><\/a><\/figure><\/li><li class=\"blocks-gallery-item\"><figure><a href=\"https:\/\/modelarzeolsztyn.pl\/wp-content\/uploads\/2020\/02\/IMG_20200215_162619-1024x768.jpg\"><img loading=\"lazy\" decoding=\"async\" width=\"1024\" height=\"768\" src=\"https:\/\/modelarzeolsztyn.pl\/wp-content\/uploads\/2020\/02\/IMG_20200215_162619-1024x768.jpg\" alt=\"\" data-id=\"1494\" data-link=\"https:\/\/modelarzeolsztyn.pl\/?attachment_id=1494\" class=\"wp-image-1494\" srcset=\"https:\/\/modelarzeolsztyn.pl\/wp-content\/uploads\/2020\/02\/IMG_20200215_162619-1024x768.jpg 1024w, https:\/\/modelarzeolsztyn.pl\/wp-content\/uploads\/2020\/02\/IMG_20200215_162619-300x225.jpg 300w, https:\/\/modelarzeolsztyn.pl\/wp-content\/uploads\/2020\/02\/IMG_20200215_162619-768x576.jpg 768w, https:\/\/modelarzeolsztyn.pl\/wp-content\/uploads\/2020\/02\/IMG_20200215_162619-1536x1152.jpg 1536w, https:\/\/modelarzeolsztyn.pl\/wp-content\/uploads\/2020\/02\/IMG_20200215_162619-2048x1536.jpg 2048w\" sizes=\"(max-width: 1024px) 100vw, 1024px\" \/><\/a><\/figure><\/li><li class=\"blocks-gallery-item\"><figure><a href=\"https:\/\/modelarzeolsztyn.pl\/wp-content\/uploads\/2020\/02\/IMG_20200215_162625-1024x768.jpg\"><img loading=\"lazy\" decoding=\"async\" width=\"1024\" height=\"768\" src=\"https:\/\/modelarzeolsztyn.pl\/wp-content\/uploads\/2020\/02\/IMG_20200215_162625-1024x768.jpg\" alt=\"\" data-id=\"1495\" data-link=\"https:\/\/modelarzeolsztyn.pl\/?attachment_id=1495\" class=\"wp-image-1495\" srcset=\"https:\/\/modelarzeolsztyn.pl\/wp-content\/uploads\/2020\/02\/IMG_20200215_162625-1024x768.jpg 1024w, https:\/\/modelarzeolsztyn.pl\/wp-content\/uploads\/2020\/02\/IMG_20200215_162625-300x225.jpg 300w, https:\/\/modelarzeolsztyn.pl\/wp-content\/uploads\/2020\/02\/IMG_20200215_162625-768x576.jpg 768w, https:\/\/modelarzeolsztyn.pl\/wp-content\/uploads\/2020\/02\/IMG_20200215_162625-1536x1152.jpg 1536w, https:\/\/modelarzeolsztyn.pl\/wp-content\/uploads\/2020\/02\/IMG_20200215_162625-2048x1536.jpg 2048w\" sizes=\"(max-width: 1024px) 100vw, 1024px\" \/><\/a><\/figure><\/li><li class=\"blocks-gallery-item\"><figure><a href=\"https:\/\/modelarzeolsztyn.pl\/wp-content\/uploads\/2020\/02\/IMG_20200215_162632-1024x768.jpg\"><img loading=\"lazy\" decoding=\"async\" width=\"1024\" height=\"768\" src=\"https:\/\/modelarzeolsztyn.pl\/wp-content\/uploads\/2020\/02\/IMG_20200215_162632-1024x768.jpg\" alt=\"\" data-id=\"1498\" data-link=\"https:\/\/modelarzeolsztyn.pl\/?attachment_id=1498\" class=\"wp-image-1498\" srcset=\"https:\/\/modelarzeolsztyn.pl\/wp-content\/uploads\/2020\/02\/IMG_20200215_162632-1024x768.jpg 1024w, https:\/\/modelarzeolsztyn.pl\/wp-content\/uploads\/2020\/02\/IMG_20200215_162632-300x225.jpg 300w, https:\/\/modelarzeolsztyn.pl\/wp-content\/uploads\/2020\/02\/IMG_20200215_162632-768x576.jpg 768w, https:\/\/modelarzeolsztyn.pl\/wp-content\/uploads\/2020\/02\/IMG_20200215_162632-1536x1152.jpg 1536w, https:\/\/modelarzeolsztyn.pl\/wp-content\/uploads\/2020\/02\/IMG_20200215_162632-2048x1536.jpg 2048w\" sizes=\"(max-width: 1024px) 100vw, 1024px\" \/><\/a><\/figure><\/li><li class=\"blocks-gallery-item\"><figure><a href=\"https:\/\/modelarzeolsztyn.pl\/wp-content\/uploads\/2020\/02\/IMG_20200215_162653-1024x768.jpg\"><img loading=\"lazy\" decoding=\"async\" width=\"1024\" height=\"768\" src=\"https:\/\/modelarzeolsztyn.pl\/wp-content\/uploads\/2020\/02\/IMG_20200215_162653-1024x768.jpg\" alt=\"\" data-id=\"1499\" data-link=\"https:\/\/modelarzeolsztyn.pl\/?attachment_id=1499\" class=\"wp-image-1499\" srcset=\"https:\/\/modelarzeolsztyn.pl\/wp-content\/uploads\/2020\/02\/IMG_20200215_162653-1024x768.jpg 1024w, https:\/\/modelarzeolsztyn.pl\/wp-content\/uploads\/2020\/02\/IMG_20200215_162653-300x225.jpg 300w, https:\/\/modelarzeolsztyn.pl\/wp-content\/uploads\/2020\/02\/IMG_20200215_162653-768x576.jpg 768w, https:\/\/modelarzeolsztyn.pl\/wp-content\/uploads\/2020\/02\/IMG_20200215_162653-1536x1152.jpg 1536w, https:\/\/modelarzeolsztyn.pl\/wp-content\/uploads\/2020\/02\/IMG_20200215_162653-2048x1536.jpg 2048w\" sizes=\"(max-width: 1024px) 100vw, 1024px\" \/><\/a><\/figure><\/li><li class=\"blocks-gallery-item\"><figure><a href=\"https:\/\/modelarzeolsztyn.pl\/wp-content\/uploads\/2020\/02\/IMG_20200215_162717-768x1024.jpg\"><img loading=\"lazy\" decoding=\"async\" width=\"768\" height=\"1024\" src=\"https:\/\/modelarzeolsztyn.pl\/wp-content\/uploads\/2020\/02\/IMG_20200215_162717-768x1024.jpg\" alt=\"\" data-id=\"1501\" data-link=\"https:\/\/modelarzeolsztyn.pl\/?attachment_id=1501\" class=\"wp-image-1501\" srcset=\"https:\/\/modelarzeolsztyn.pl\/wp-content\/uploads\/2020\/02\/IMG_20200215_162717-768x1024.jpg 768w, https:\/\/modelarzeolsztyn.pl\/wp-content\/uploads\/2020\/02\/IMG_20200215_162717-225x300.jpg 225w, https:\/\/modelarzeolsztyn.pl\/wp-content\/uploads\/2020\/02\/IMG_20200215_162717-1152x1536.jpg 1152w, https:\/\/modelarzeolsztyn.pl\/wp-content\/uploads\/2020\/02\/IMG_20200215_162717-1536x2048.jpg 1536w, https:\/\/modelarzeolsztyn.pl\/wp-content\/uploads\/2020\/02\/IMG_20200215_162717-scaled.jpg 1920w\" sizes=\"(max-width: 768px) 100vw, 768px\" \/><\/a><\/figure><\/li><li class=\"blocks-gallery-item\"><figure><a href=\"https:\/\/modelarzeolsztyn.pl\/wp-content\/uploads\/2020\/02\/IMG_20200215_162924-1024x768.jpg\"><img loading=\"lazy\" decoding=\"async\" width=\"1024\" height=\"768\" src=\"https:\/\/modelarzeolsztyn.pl\/wp-content\/uploads\/2020\/02\/IMG_20200215_162924-1024x768.jpg\" alt=\"\" data-id=\"1504\" data-link=\"https:\/\/modelarzeolsztyn.pl\/?attachment_id=1504\" class=\"wp-image-1504\" srcset=\"https:\/\/modelarzeolsztyn.pl\/wp-content\/uploads\/2020\/02\/IMG_20200215_162924-1024x768.jpg 1024w, https:\/\/modelarzeolsztyn.pl\/wp-content\/uploads\/2020\/02\/IMG_20200215_162924-300x225.jpg 300w, https:\/\/modelarzeolsztyn.pl\/wp-content\/uploads\/2020\/02\/IMG_20200215_162924-768x576.jpg 768w, https:\/\/modelarzeolsztyn.pl\/wp-content\/uploads\/2020\/02\/IMG_20200215_162924-1536x1152.jpg 1536w, https:\/\/modelarzeolsztyn.pl\/wp-content\/uploads\/2020\/02\/IMG_20200215_162924-2048x1536.jpg 2048w\" sizes=\"(max-width: 1024px) 100vw, 1024px\" \/><\/a><\/figure><\/li><li class=\"blocks-gallery-item\"><figure><a href=\"https:\/\/modelarzeolsztyn.pl\/wp-content\/uploads\/2020\/02\/85215308_1455166627991078_7894584673882341376_o.jpg\"><img loading=\"lazy\" decoding=\"async\" width=\"1024\" height=\"752\" src=\"https:\/\/modelarzeolsztyn.pl\/wp-content\/uploads\/2020\/02\/85215308_1455166627991078_7894584673882341376_o-1024x752.jpg\" alt=\"\" data-id=\"1506\" data-full-url=\"https:\/\/modelarzeolsztyn.pl\/wp-content\/uploads\/2020\/02\/85215308_1455166627991078_7894584673882341376_o.jpg\" data-link=\"https:\/\/modelarzeolsztyn.pl\/?attachment_id=1506\" class=\"wp-image-1506\" srcset=\"https:\/\/modelarzeolsztyn.pl\/wp-content\/uploads\/2020\/02\/85215308_1455166627991078_7894584673882341376_o-1024x752.jpg 1024w, https:\/\/modelarzeolsztyn.pl\/wp-content\/uploads\/2020\/02\/85215308_1455166627991078_7894584673882341376_o-300x220.jpg 300w, https:\/\/modelarzeolsztyn.pl\/wp-content\/uploads\/2020\/02\/85215308_1455166627991078_7894584673882341376_o-768x564.jpg 768w, https:\/\/modelarzeolsztyn.pl\/wp-content\/uploads\/2020\/02\/85215308_1455166627991078_7894584673882341376_o.jpg 1200w\" sizes=\"(max-width: 1024px) 100vw, 1024px\" \/><\/a><\/figure><\/li><li class=\"blocks-gallery-item\"><figure><a href=\"https:\/\/modelarzeolsztyn.pl\/wp-content\/uploads\/2020\/02\/86350236_1455164641324610_9087041910794616832_o.jpg\"><img loading=\"lazy\" decoding=\"async\" width=\"1024\" height=\"707\" src=\"https:\/\/modelarzeolsztyn.pl\/wp-content\/uploads\/2020\/02\/86350236_1455164641324610_9087041910794616832_o-1024x707.jpg\" alt=\"\" data-id=\"1507\" data-full-url=\"https:\/\/modelarzeolsztyn.pl\/wp-content\/uploads\/2020\/02\/86350236_1455164641324610_9087041910794616832_o.jpg\" data-link=\"https:\/\/modelarzeolsztyn.pl\/?attachment_id=1507\" class=\"wp-image-1507\" srcset=\"https:\/\/modelarzeolsztyn.pl\/wp-content\/uploads\/2020\/02\/86350236_1455164641324610_9087041910794616832_o-1024x707.jpg 1024w, https:\/\/modelarzeolsztyn.pl\/wp-content\/uploads\/2020\/02\/86350236_1455164641324610_9087041910794616832_o-300x207.jpg 300w, https:\/\/modelarzeolsztyn.pl\/wp-content\/uploads\/2020\/02\/86350236_1455164641324610_9087041910794616832_o-768x531.jpg 768w, https:\/\/modelarzeolsztyn.pl\/wp-content\/uploads\/2020\/02\/86350236_1455164641324610_9087041910794616832_o.jpg 1200w\" sizes=\"(max-width: 1024px) 100vw, 1024px\" \/><\/a><\/figure><\/li><\/ul><\/figure>\n","protected":false},"excerpt":{"rendered":"<p>W amfiteatrze w Ostr\u00f3dzie odbywa si\u0119 w\u0142a\u015bnie si\u0119 wernisa\u017c wystawy modeli. Eksponaty pochodz\u0105 ze zbior\u00f3w m.in. cz\u0142onk\u00f3w Olszty\u0144skiego Stowarzyszenia Modelarzy &#8222;Warmia&#8221;. Podczas wernisa\u017cu chcemy zaprosi\u0107 na XI Festiwal Kultury Modelarskiej, kt\u00f3ry odb\u0119dzie si\u0119 18-19 kwietnia w Olsztynie. Wystawa modeli ma pokaza\u0107 r\u00f3\u017cnorodno\u015b\u0107 i pracoch\u0142onno\u015b\u0107 tej pasji. W galerii amfiteatru mo\u017cna podziwia\u0107 m.in. okr\u0119ty, lotniskowce, samoloty,<a class=\"moretag\" href=\"https:\/\/modelarzeolsztyn.pl\/index.php\/2020\/02\/17\/wernisaz-wystawy-modeli-w-ostrodzie\/\"><span class=\"screen-reader-text\">Wi\u0119cej oWernisa\u017c Wystawy Modeli w Ostr\u00f3dzie<\/span>[&#8230;]<\/a><\/p>\n","protected":false},"author":1,"featured_media":1480,"comment_status":"open","ping_status":"open","sticky":false,"template":"","format":"standard","meta":{"footnotes":""},"categories":[5],"tags":[],"yoast_head":"<!-- This site is optimized with the Yoast SEO plugin v24.5 - https:\/\/yoast.com\/wordpress\/plugins\/seo\/ -->\n<title>Wernisa\u017c Wystawy Modeli w Ostr\u00f3dzie - Olszty\u0144skie Stowarzyszenie Modelarzy &quot;Warmia&quot;<\/title>\n<meta name=\"robots\" content=\"index, follow, max-snippet:-1, max-image-preview:large, max-video-preview:-1\" \/>\n<link rel=\"canonical\" href=\"https:\/\/modelarzeolsztyn.pl\/index.php\/2020\/02\/17\/wernisaz-wystawy-modeli-w-ostrodzie\/\" \/>\n<meta property=\"og:locale\" content=\"pl_PL\" \/>\n<meta property=\"og:type\" content=\"article\" \/>\n<meta property=\"og:title\" content=\"Wernisa\u017c Wystawy Modeli w Ostr\u00f3dzie - Olszty\u0144skie Stowarzyszenie Modelarzy &quot;Warmia&quot;\" \/>\n<meta property=\"og:description\" content=\"W amfiteatrze w Ostr\u00f3dzie odbywa si\u0119 w\u0142a\u015bnie si\u0119 wernisa\u017c wystawy modeli. Eksponaty pochodz\u0105 ze zbior\u00f3w m.in. cz\u0142onk\u00f3w Olszty\u0144skiego Stowarzyszenia Modelarzy &#8222;Warmia&#8221;. Podczas wernisa\u017cu chcemy zaprosi\u0107 na XI Festiwal Kultury Modelarskiej, kt\u00f3ry odb\u0119dzie si\u0119 18-19 kwietnia w Olsztynie. Wystawa modeli ma pokaza\u0107 r\u00f3\u017cnorodno\u015b\u0107 i pracoch\u0142onno\u015b\u0107 tej pasji. W galerii amfiteatru mo\u017cna podziwia\u0107 m.in. okr\u0119ty, lotniskowce, samoloty,Wi\u0119cej oWernisa\u017c Wystawy Modeli w Ostr\u00f3dzie[...]\" \/>\n<meta property=\"og:url\" content=\"https:\/\/modelarzeolsztyn.pl\/index.php\/2020\/02\/17\/wernisaz-wystawy-modeli-w-ostrodzie\/\" \/>\n<meta property=\"og:site_name\" content=\"Olszty\u0144skie Stowarzyszenie Modelarzy &quot;Warmia&quot;\" \/>\n<meta property=\"article:publisher\" content=\"https:\/\/www.facebook.com\/Olszty%c5%84skie-Stowarzyszenie-Modelarzy-Warmia-1049089618478093\/\" \/>\n<meta property=\"article:published_time\" content=\"2020-02-17T07:46:47+00:00\" \/>\n<meta property=\"article:modified_time\" content=\"2020-02-17T08:51:22+00:00\" \/>\n<meta property=\"og:image\" content=\"https:\/\/modelarzeolsztyn.pl\/wp-content\/uploads\/2020\/02\/ostr\u00f3da2020.jpg\" \/>\n\t<meta property=\"og:image:width\" content=\"678\" \/>\n\t<meta property=\"og:image:height\" content=\"960\" \/>\n\t<meta property=\"og:image:type\" content=\"image\/jpeg\" \/>\n<meta name=\"author\" content=\"xychu\" \/>\n<meta name=\"twitter:card\" content=\"summary_large_image\" \/>\n<meta name=\"twitter:label1\" content=\"Napisane przez\" \/>\n\t<meta name=\"twitter:data1\" content=\"xychu\" \/>\n\t<meta name=\"twitter:label2\" content=\"Szacowany czas czytania\" \/>\n\t<meta name=\"twitter:data2\" content=\"1 minuta\" \/>\n<script type=\"application\/ld+json\" class=\"yoast-schema-graph\">{\"@context\":\"https:\/\/schema.org\",\"@graph\":[{\"@type\":\"Article\",\"@id\":\"https:\/\/modelarzeolsztyn.pl\/index.php\/2020\/02\/17\/wernisaz-wystawy-modeli-w-ostrodzie\/#article\",\"isPartOf\":{\"@id\":\"https:\/\/modelarzeolsztyn.pl\/index.php\/2020\/02\/17\/wernisaz-wystawy-modeli-w-ostrodzie\/\"},\"author\":{\"name\":\"xychu\",\"@id\":\"https:\/\/modelarzeolsztyn.pl\/#\/schema\/person\/c62f133d440e75d3fe3eda0ea7f064d8\"},\"headline\":\"Wernisa\u017c Wystawy Modeli w Ostr\u00f3dzie\",\"datePublished\":\"2020-02-17T07:46:47+00:00\",\"dateModified\":\"2020-02-17T08:51:22+00:00\",\"mainEntityOfPage\":{\"@id\":\"https:\/\/modelarzeolsztyn.pl\/index.php\/2020\/02\/17\/wernisaz-wystawy-modeli-w-ostrodzie\/\"},\"wordCount\":123,\"commentCount\":0,\"publisher\":{\"@id\":\"https:\/\/modelarzeolsztyn.pl\/#organization\"},\"image\":{\"@id\":\"https:\/\/modelarzeolsztyn.pl\/index.php\/2020\/02\/17\/wernisaz-wystawy-modeli-w-ostrodzie\/#primaryimage\"},\"thumbnailUrl\":\"https:\/\/modelarzeolsztyn.pl\/wp-content\/uploads\/2020\/02\/ostr\u00f3da2020.jpg\",\"articleSection\":[\"Wydarzenia oko\u0142omodelarskie\"],\"inLanguage\":\"pl-PL\",\"potentialAction\":[{\"@type\":\"CommentAction\",\"name\":\"Comment\",\"target\":[\"https:\/\/modelarzeolsztyn.pl\/index.php\/2020\/02\/17\/wernisaz-wystawy-modeli-w-ostrodzie\/#respond\"]}]},{\"@type\":\"WebPage\",\"@id\":\"https:\/\/modelarzeolsztyn.pl\/index.php\/2020\/02\/17\/wernisaz-wystawy-modeli-w-ostrodzie\/\",\"url\":\"https:\/\/modelarzeolsztyn.pl\/index.php\/2020\/02\/17\/wernisaz-wystawy-modeli-w-ostrodzie\/\",\"name\":\"Wernisa\u017c Wystawy Modeli w Ostr\u00f3dzie - Olszty\u0144skie Stowarzyszenie Modelarzy &quot;Warmia&quot;\",\"isPartOf\":{\"@id\":\"https:\/\/modelarzeolsztyn.pl\/#website\"},\"primaryImageOfPage\":{\"@id\":\"https:\/\/modelarzeolsztyn.pl\/index.php\/2020\/02\/17\/wernisaz-wystawy-modeli-w-ostrodzie\/#primaryimage\"},\"image\":{\"@id\":\"https:\/\/modelarzeolsztyn.pl\/index.php\/2020\/02\/17\/wernisaz-wystawy-modeli-w-ostrodzie\/#primaryimage\"},\"thumbnailUrl\":\"https:\/\/modelarzeolsztyn.pl\/wp-content\/uploads\/2020\/02\/ostr\u00f3da2020.jpg\",\"datePublished\":\"2020-02-17T07:46:47+00:00\",\"dateModified\":\"2020-02-17T08:51:22+00:00\",\"breadcrumb\":{\"@id\":\"https:\/\/modelarzeolsztyn.pl\/index.php\/2020\/02\/17\/wernisaz-wystawy-modeli-w-ostrodzie\/#breadcrumb\"},\"inLanguage\":\"pl-PL\",\"potentialAction\":[{\"@type\":\"ReadAction\",\"target\":[\"https:\/\/modelarzeolsztyn.pl\/index.php\/2020\/02\/17\/wernisaz-wystawy-modeli-w-ostrodzie\/\"]}]},{\"@type\":\"ImageObject\",\"inLanguage\":\"pl-PL\",\"@id\":\"https:\/\/modelarzeolsztyn.pl\/index.php\/2020\/02\/17\/wernisaz-wystawy-modeli-w-ostrodzie\/#primaryimage\",\"url\":\"https:\/\/modelarzeolsztyn.pl\/wp-content\/uploads\/2020\/02\/ostr\u00f3da2020.jpg\",\"contentUrl\":\"https:\/\/modelarzeolsztyn.pl\/wp-content\/uploads\/2020\/02\/ostr\u00f3da2020.jpg\",\"width\":678,\"height\":960},{\"@type\":\"BreadcrumbList\",\"@id\":\"https:\/\/modelarzeolsztyn.pl\/index.php\/2020\/02\/17\/wernisaz-wystawy-modeli-w-ostrodzie\/#breadcrumb\",\"itemListElement\":[{\"@type\":\"ListItem\",\"position\":1,\"name\":\"Strona g\u0142\u00f3wna\",\"item\":\"https:\/\/modelarzeolsztyn.pl\/\"},{\"@type\":\"ListItem\",\"position\":2,\"name\":\"Wernisa\u017c Wystawy Modeli w Ostr\u00f3dzie\"}]},{\"@type\":\"WebSite\",\"@id\":\"https:\/\/modelarzeolsztyn.pl\/#website\",\"url\":\"https:\/\/modelarzeolsztyn.pl\/\",\"name\":\"Olszty\u0144skie Stowarzyszenie Modelarzy &quot;Warmia&quot;\",\"description\":\"Witryna stowarzyszenia zapale\u0144c\u00f3w modelarskich z Olsztyna i okolic\",\"publisher\":{\"@id\":\"https:\/\/modelarzeolsztyn.pl\/#organization\"},\"potentialAction\":[{\"@type\":\"SearchAction\",\"target\":{\"@type\":\"EntryPoint\",\"urlTemplate\":\"https:\/\/modelarzeolsztyn.pl\/?s={search_term_string}\"},\"query-input\":{\"@type\":\"PropertyValueSpecification\",\"valueRequired\":true,\"valueName\":\"search_term_string\"}}],\"inLanguage\":\"pl-PL\"},{\"@type\":\"Organization\",\"@id\":\"https:\/\/modelarzeolsztyn.pl\/#organization\",\"name\":\"Olszty\u0144skie Stowarzyszenie Modelarzy \\\"Warmia\\\"\",\"url\":\"https:\/\/modelarzeolsztyn.pl\/\",\"logo\":{\"@type\":\"ImageObject\",\"inLanguage\":\"pl-PL\",\"@id\":\"https:\/\/modelarzeolsztyn.pl\/#\/schema\/logo\/image\/\",\"url\":\"https:\/\/modelarzeolsztyn.pl\/wp-content\/uploads\/2017\/08\/cropped-logoprzez.png\",\"contentUrl\":\"https:\/\/modelarzeolsztyn.pl\/wp-content\/uploads\/2017\/08\/cropped-logoprzez.png\",\"width\":512,\"height\":512,\"caption\":\"Olszty\u0144skie Stowarzyszenie Modelarzy \\\"Warmia\\\"\"},\"image\":{\"@id\":\"https:\/\/modelarzeolsztyn.pl\/#\/schema\/logo\/image\/\"},\"sameAs\":[\"https:\/\/www.facebook.com\/Olszty\u0144skie-Stowarzyszenie-Modelarzy-Warmia-1049089618478093\/\"]},{\"@type\":\"Person\",\"@id\":\"https:\/\/modelarzeolsztyn.pl\/#\/schema\/person\/c62f133d440e75d3fe3eda0ea7f064d8\",\"name\":\"xychu\",\"image\":{\"@type\":\"ImageObject\",\"inLanguage\":\"pl-PL\",\"@id\":\"https:\/\/modelarzeolsztyn.pl\/#\/schema\/person\/image\/\",\"url\":\"https:\/\/secure.gravatar.com\/avatar\/e82a7c048d8e8fab01975bc0c6ef7565?s=96&d=mm&r=g\",\"contentUrl\":\"https:\/\/secure.gravatar.com\/avatar\/e82a7c048d8e8fab01975bc0c6ef7565?s=96&d=mm&r=g\",\"caption\":\"xychu\"}}]}<\/script>\n<!-- \/ Yoast SEO plugin. -->","yoast_head_json":{"title":"Wernisa\u017c Wystawy Modeli w Ostr\u00f3dzie - Olszty\u0144skie Stowarzyszenie Modelarzy &quot;Warmia&quot;","robots":{"index":"index","follow":"follow","max-snippet":"max-snippet:-1","max-image-preview":"max-image-preview:large","max-video-preview":"max-video-preview:-1"},"canonical":"https:\/\/modelarzeolsztyn.pl\/index.php\/2020\/02\/17\/wernisaz-wystawy-modeli-w-ostrodzie\/","og_locale":"pl_PL","og_type":"article","og_title":"Wernisa\u017c Wystawy Modeli w Ostr\u00f3dzie - Olszty\u0144skie Stowarzyszenie Modelarzy &quot;Warmia&quot;","og_description":"W amfiteatrze w Ostr\u00f3dzie odbywa si\u0119 w\u0142a\u015bnie si\u0119 wernisa\u017c wystawy modeli. Eksponaty pochodz\u0105 ze zbior\u00f3w m.in. cz\u0142onk\u00f3w Olszty\u0144skiego Stowarzyszenia Modelarzy &#8222;Warmia&#8221;. Podczas wernisa\u017cu chcemy zaprosi\u0107 na XI Festiwal Kultury Modelarskiej, kt\u00f3ry odb\u0119dzie si\u0119 18-19 kwietnia w Olsztynie. Wystawa modeli ma pokaza\u0107 r\u00f3\u017cnorodno\u015b\u0107 i pracoch\u0142onno\u015b\u0107 tej pasji. W galerii amfiteatru mo\u017cna podziwia\u0107 m.in. okr\u0119ty, lotniskowce, samoloty,Wi\u0119cej oWernisa\u017c Wystawy Modeli w Ostr\u00f3dzie[...]","og_url":"https:\/\/modelarzeolsztyn.pl\/index.php\/2020\/02\/17\/wernisaz-wystawy-modeli-w-ostrodzie\/","og_site_name":"Olszty\u0144skie Stowarzyszenie Modelarzy &quot;Warmia&quot;","article_publisher":"https:\/\/www.facebook.com\/Olszty%c5%84skie-Stowarzyszenie-Modelarzy-Warmia-1049089618478093\/","article_published_time":"2020-02-17T07:46:47+00:00","article_modified_time":"2020-02-17T08:51:22+00:00","og_image":[{"width":678,"height":960,"url":"https:\/\/modelarzeolsztyn.pl\/wp-content\/uploads\/2020\/02\/ostr\u00f3da2020.jpg","type":"image\/jpeg"}],"author":"xychu","twitter_card":"summary_large_image","twitter_misc":{"Napisane przez":"xychu","Szacowany czas czytania":"1 minuta"},"schema":{"@context":"https:\/\/schema.org","@graph":[{"@type":"Article","@id":"https:\/\/modelarzeolsztyn.pl\/index.php\/2020\/02\/17\/wernisaz-wystawy-modeli-w-ostrodzie\/#article","isPartOf":{"@id":"https:\/\/modelarzeolsztyn.pl\/index.php\/2020\/02\/17\/wernisaz-wystawy-modeli-w-ostrodzie\/"},"author":{"name":"xychu","@id":"https:\/\/modelarzeolsztyn.pl\/#\/schema\/person\/c62f133d440e75d3fe3eda0ea7f064d8"},"headline":"Wernisa\u017c Wystawy Modeli w Ostr\u00f3dzie","datePublished":"2020-02-17T07:46:47+00:00","dateModified":"2020-02-17T08:51:22+00:00","mainEntityOfPage":{"@id":"https:\/\/modelarzeolsztyn.pl\/index.php\/2020\/02\/17\/wernisaz-wystawy-modeli-w-ostrodzie\/"},"wordCount":123,"commentCount":0,"publisher":{"@id":"https:\/\/modelarzeolsztyn.pl\/#organization"},"image":{"@id":"https:\/\/modelarzeolsztyn.pl\/index.php\/2020\/02\/17\/wernisaz-wystawy-modeli-w-ostrodzie\/#primaryimage"},"thumbnailUrl":"https:\/\/modelarzeolsztyn.pl\/wp-content\/uploads\/2020\/02\/ostr\u00f3da2020.jpg","articleSection":["Wydarzenia oko\u0142omodelarskie"],"inLanguage":"pl-PL","potentialAction":[{"@type":"CommentAction","name":"Comment","target":["https:\/\/modelarzeolsztyn.pl\/index.php\/2020\/02\/17\/wernisaz-wystawy-modeli-w-ostrodzie\/#respond"]}]},{"@type":"WebPage","@id":"https:\/\/modelarzeolsztyn.pl\/index.php\/2020\/02\/17\/wernisaz-wystawy-modeli-w-ostrodzie\/","url":"https:\/\/modelarzeolsztyn.pl\/index.php\/2020\/02\/17\/wernisaz-wystawy-modeli-w-ostrodzie\/","name":"Wernisa\u017c Wystawy Modeli w Ostr\u00f3dzie - Olszty\u0144skie Stowarzyszenie Modelarzy &quot;Warmia&quot;","isPartOf":{"@id":"https:\/\/modelarzeolsztyn.pl\/#website"},"primaryImageOfPage":{"@id":"https:\/\/modelarzeolsztyn.pl\/index.php\/2020\/02\/17\/wernisaz-wystawy-modeli-w-ostrodzie\/#primaryimage"},"image":{"@id":"https:\/\/modelarzeolsztyn.pl\/index.php\/2020\/02\/17\/wernisaz-wystawy-modeli-w-ostrodzie\/#primaryimage"},"thumbnailUrl":"https:\/\/modelarzeolsztyn.pl\/wp-content\/uploads\/2020\/02\/ostr\u00f3da2020.jpg","datePublished":"2020-02-17T07:46:47+00:00","dateModified":"2020-02-17T08:51:22+00:00","breadcrumb":{"@id":"https:\/\/modelarzeolsztyn.pl\/index.php\/2020\/02\/17\/wernisaz-wystawy-modeli-w-ostrodzie\/#breadcrumb"},"inLanguage":"pl-PL","potentialAction":[{"@type":"ReadAction","target":["https:\/\/modelarzeolsztyn.pl\/index.php\/2020\/02\/17\/wernisaz-wystawy-modeli-w-ostrodzie\/"]}]},{"@type":"ImageObject","inLanguage":"pl-PL","@id":"https:\/\/modelarzeolsztyn.pl\/index.php\/2020\/02\/17\/wernisaz-wystawy-modeli-w-ostrodzie\/#primaryimage","url":"https:\/\/modelarzeolsztyn.pl\/wp-content\/uploads\/2020\/02\/ostr\u00f3da2020.jpg","contentUrl":"https:\/\/modelarzeolsztyn.pl\/wp-content\/uploads\/2020\/02\/ostr\u00f3da2020.jpg","width":678,"height":960},{"@type":"BreadcrumbList","@id":"https:\/\/modelarzeolsztyn.pl\/index.php\/2020\/02\/17\/wernisaz-wystawy-modeli-w-ostrodzie\/#breadcrumb","itemListElement":[{"@type":"ListItem","position":1,"name":"Strona g\u0142\u00f3wna","item":"https:\/\/modelarzeolsztyn.pl\/"},{"@type":"ListItem","position":2,"name":"Wernisa\u017c Wystawy Modeli w Ostr\u00f3dzie"}]},{"@type":"WebSite","@id":"https:\/\/modelarzeolsztyn.pl\/#website","url":"https:\/\/modelarzeolsztyn.pl\/","name":"Olszty\u0144skie Stowarzyszenie Modelarzy &quot;Warmia&quot;","description":"Witryna stowarzyszenia zapale\u0144c\u00f3w modelarskich z Olsztyna i okolic","publisher":{"@id":"https:\/\/modelarzeolsztyn.pl\/#organization"},"potentialAction":[{"@type":"SearchAction","target":{"@type":"EntryPoint","urlTemplate":"https:\/\/modelarzeolsztyn.pl\/?s={search_term_string}"},"query-input":{"@type":"PropertyValueSpecification","valueRequired":true,"valueName":"search_term_string"}}],"inLanguage":"pl-PL"},{"@type":"Organization","@id":"https:\/\/modelarzeolsztyn.pl\/#organization","name":"Olszty\u0144skie Stowarzyszenie Modelarzy \"Warmia\"","url":"https:\/\/modelarzeolsztyn.pl\/","logo":{"@type":"ImageObject","inLanguage":"pl-PL","@id":"https:\/\/modelarzeolsztyn.pl\/#\/schema\/logo\/image\/","url":"https:\/\/modelarzeolsztyn.pl\/wp-content\/uploads\/2017\/08\/cropped-logoprzez.png","contentUrl":"https:\/\/modelarzeolsztyn.pl\/wp-content\/uploads\/2017\/08\/cropped-logoprzez.png","width":512,"height":512,"caption":"Olszty\u0144skie Stowarzyszenie Modelarzy \"Warmia\""},"image":{"@id":"https:\/\/modelarzeolsztyn.pl\/#\/schema\/logo\/image\/"},"sameAs":["https:\/\/www.facebook.com\/Olszty\u0144skie-Stowarzyszenie-Modelarzy-Warmia-1049089618478093\/"]},{"@type":"Person","@id":"https:\/\/modelarzeolsztyn.pl\/#\/schema\/person\/c62f133d440e75d3fe3eda0ea7f064d8","name":"xychu","image":{"@type":"ImageObject","inLanguage":"pl-PL","@id":"https:\/\/modelarzeolsztyn.pl\/#\/schema\/person\/image\/","url":"https:\/\/secure.gravatar.com\/avatar\/e82a7c048d8e8fab01975bc0c6ef7565?s=96&d=mm&r=g","contentUrl":"https:\/\/secure.gravatar.com\/avatar\/e82a7c048d8e8fab01975bc0c6ef7565?s=96&d=mm&r=g","caption":"xychu"}}]}},"_links":{"self":[{"href":"https:\/\/modelarzeolsztyn.pl\/index.php\/wp-json\/wp\/v2\/posts\/1479"}],"collection":[{"href":"https:\/\/modelarzeolsztyn.pl\/index.php\/wp-json\/wp\/v2\/posts"}],"about":[{"href":"https:\/\/modelarzeolsztyn.pl\/index.php\/wp-json\/wp\/v2\/types\/post"}],"author":[{"embeddable":true,"href":"https:\/\/modelarzeolsztyn.pl\/index.php\/wp-json\/wp\/v2\/users\/1"}],"replies":[{"embeddable":true,"href":"https:\/\/modelarzeolsztyn.pl\/index.php\/wp-json\/wp\/v2\/comments?post=1479"}],"version-history":[{"count":5,"href":"https:\/\/modelarzeolsztyn.pl\/index.php\/wp-json\/wp\/v2\/posts\/1479\/revisions"}],"predecessor-version":[{"id":1517,"href":"https:\/\/modelarzeolsztyn.pl\/index.php\/wp-json\/wp\/v2\/posts\/1479\/revisions\/1517"}],"wp:featuredmedia":[{"embeddable":true,"href":"https:\/\/modelarzeolsztyn.pl\/index.php\/wp-json\/wp\/v2\/media\/1480"}],"wp:attachment":[{"href":"https:\/\/modelarzeolsztyn.pl\/index.php\/wp-json\/wp\/v2\/media?parent=1479"}],"wp:term":[{"taxonomy":"category","embeddable":true,"href":"https:\/\/modelarzeolsztyn.pl\/index.php\/wp-json\/wp\/v2\/categories?post=1479"},{"taxonomy":"post_tag","embeddable":true,"href":"https:\/\/modelarzeolsztyn.pl\/index.php\/wp-json\/wp\/v2\/tags?post=1479"}],"curies":[{"name":"wp","href":"https:\/\/api.w.org\/{rel}","templated":true}]}}