{"id":1514,"date":"2020-02-19T12:51:12","date_gmt":"2020-02-19T11:51:12","guid":{"rendered":"https:\/\/modelarzeolsztyn.pl\/?p=1514"},"modified":"2020-02-19T12:51:14","modified_gmt":"2020-02-19T11:51:14","slug":"relacja-wideo-z-wernisazu-w-ostrodzie","status":"publish","type":"post","link":"https:\/\/modelarzeolsztyn.pl\/index.php\/2020\/02\/19\/relacja-wideo-z-wernisazu-w-ostrodzie\/","title":{"rendered":"Relacja wideo z wernisa\u017cu w Ostr\u00f3dzie"},"content":{"rendered":"\n<p>Dzi\u0119ki telewizji internetowej <a rel=\"noreferrer noopener\" aria-label=\"RzeczJasna (otwiera si\u0119 na nowej zak\u0142adce)\" href=\"https:\/\/www.facebook.com\/simrzeczjasna\/videos\/226369401842640\/\" target=\"_blank\">RzeczJasna<\/a> mamy relacj\u0119 wideo z Wernisa\u017cu Wystawy Modeli w Ostr\u00f3dzie. Dzi\u0119kujemy !<\/p>\n\n\n\n<figure class=\"wp-block-embed-facebook wp-block-embed is-type-video is-provider-facebook\"><div class=\"wp-block-embed__wrapper\">\n<div class=\"llorix-one-lite-video-container\"><div id=\"fb-root\"><\/div><script async=\"1\" defer=\"1\" crossorigin=\"anonymous\" src=\"https:\/\/connect.facebook.net\/pl_PL\/sdk.js#xfbml=1&amp;version=v6.0\"><\/script><div class=\"fb-video\" data-href=\"https:\/\/www.facebook.com\/simrzeczjasna\/videos\/226369401842640\/\" data-width=\"730\"><blockquote cite=\"https:\/\/www.facebook.com\/simrzeczjasna\/videos\/226369401842640\/\" class=\"fb-xfbml-parse-ignore\"><a href=\"https:\/\/www.facebook.com\/simrzeczjasna\/videos\/226369401842640\/\">MODELARSTWO &#8211; PASJA I SZTUKA<\/a><p>W sobot\u0119 odby\u0142 si\u0119 Wernisa\u017c wystawy modeli w amfiteatrze w Ostr\u00f3dzie. Modele podziwia\u0107 mo\u017cna do ko\u0144ca lutego. A warto! Ekspozycji jest bardzo du\u017co, a wiele z nicgh powstawa\u0142o miesi\u0105cami. Sprawd\u017a i zobacz, \u017ce modelarstwo to prawdziwa sztuka!Materia\u0142 powsta\u0142 dzi\u0119ki finansowaniu z Narodowy Instytut Wolno\u015bci &#8211; Centrum Rozwoju Spo\u0142ecze\u0144stwa Obywatelskiegoze \u015brodk\u00f3w Programu Rozwoju Organizacji Obywatelskich na lata 2018-2030. #PROO 3<\/p>Opublikowany przez <a href=\"https:\/\/www.facebook.com\/simrzeczjasna\/\">RzeczJasna<\/a> Wtorek, 18 lutego 2020<\/blockquote><\/div><\/div>\n<\/div><\/figure>\n","protected":false},"excerpt":{"rendered":"<p>Dzi\u0119ki telewizji internetowej RzeczJasna mamy relacj\u0119 wideo z Wernisa\u017cu Wystawy Modeli w Ostr\u00f3dzie. Dzi\u0119kujemy !<\/p>\n","protected":false},"author":1,"featured_media":1506,"comment_status":"open","ping_status":"open","sticky":false,"template":"","format":"standard","meta":{"footnotes":""},"categories":[5],"tags":[],"yoast_head":"<!-- This site is optimized with the Yoast SEO plugin v24.5 - https:\/\/yoast.com\/wordpress\/plugins\/seo\/ -->\n<title>Relacja wideo z wernisa\u017cu w Ostr\u00f3dzie - Olszty\u0144skie Stowarzyszenie Modelarzy &quot;Warmia&quot;<\/title>\n<meta name=\"robots\" content=\"index, follow, max-snippet:-1, max-image-preview:large, max-video-preview:-1\" \/>\n<link rel=\"canonical\" href=\"https:\/\/modelarzeolsztyn.pl\/index.php\/2020\/02\/19\/relacja-wideo-z-wernisazu-w-ostrodzie\/\" \/>\n<meta property=\"og:locale\" content=\"pl_PL\" \/>\n<meta property=\"og:type\" content=\"article\" \/>\n<meta property=\"og:title\" content=\"Relacja wideo z wernisa\u017cu w Ostr\u00f3dzie - Olszty\u0144skie Stowarzyszenie Modelarzy &quot;Warmia&quot;\" \/>\n<meta property=\"og:description\" content=\"Dzi\u0119ki telewizji internetowej RzeczJasna mamy relacj\u0119 wideo z Wernisa\u017cu Wystawy Modeli w Ostr\u00f3dzie. Dzi\u0119kujemy !\" \/>\n<meta property=\"og:url\" content=\"https:\/\/modelarzeolsztyn.pl\/index.php\/2020\/02\/19\/relacja-wideo-z-wernisazu-w-ostrodzie\/\" \/>\n<meta property=\"og:site_name\" content=\"Olszty\u0144skie Stowarzyszenie Modelarzy &quot;Warmia&quot;\" \/>\n<meta property=\"article:publisher\" content=\"https:\/\/www.facebook.com\/Olszty%c5%84skie-Stowarzyszenie-Modelarzy-Warmia-1049089618478093\/\" \/>\n<meta property=\"article:published_time\" content=\"2020-02-19T11:51:12+00:00\" \/>\n<meta property=\"article:modified_time\" content=\"2020-02-19T11:51:14+00:00\" \/>\n<meta property=\"og:image\" content=\"https:\/\/modelarzeolsztyn.pl\/wp-content\/uploads\/2020\/02\/85215308_1455166627991078_7894584673882341376_o.jpg\" \/>\n\t<meta property=\"og:image:width\" content=\"1200\" \/>\n\t<meta property=\"og:image:height\" content=\"881\" \/>\n\t<meta property=\"og:image:type\" content=\"image\/jpeg\" \/>\n<meta name=\"author\" content=\"xychu\" \/>\n<meta name=\"twitter:card\" content=\"summary_large_image\" \/>\n<meta name=\"twitter:label1\" content=\"Napisane przez\" \/>\n\t<meta name=\"twitter:data1\" content=\"xychu\" \/>\n<script type=\"application\/ld+json\" class=\"yoast-schema-graph\">{\"@context\":\"https:\/\/schema.org\",\"@graph\":[{\"@type\":\"Article\",\"@id\":\"https:\/\/modelarzeolsztyn.pl\/index.php\/2020\/02\/19\/relacja-wideo-z-wernisazu-w-ostrodzie\/#article\",\"isPartOf\":{\"@id\":\"https:\/\/modelarzeolsztyn.pl\/index.php\/2020\/02\/19\/relacja-wideo-z-wernisazu-w-ostrodzie\/\"},\"author\":{\"name\":\"xychu\",\"@id\":\"https:\/\/modelarzeolsztyn.pl\/#\/schema\/person\/c62f133d440e75d3fe3eda0ea7f064d8\"},\"headline\":\"Relacja wideo z wernisa\u017cu w Ostr\u00f3dzie\",\"datePublished\":\"2020-02-19T11:51:12+00:00\",\"dateModified\":\"2020-02-19T11:51:14+00:00\",\"mainEntityOfPage\":{\"@id\":\"https:\/\/modelarzeolsztyn.pl\/index.php\/2020\/02\/19\/relacja-wideo-z-wernisazu-w-ostrodzie\/\"},\"wordCount\":32,\"commentCount\":0,\"publisher\":{\"@id\":\"https:\/\/modelarzeolsztyn.pl\/#organization\"},\"image\":{\"@id\":\"https:\/\/modelarzeolsztyn.pl\/index.php\/2020\/02\/19\/relacja-wideo-z-wernisazu-w-ostrodzie\/#primaryimage\"},\"thumbnailUrl\":\"https:\/\/modelarzeolsztyn.pl\/wp-content\/uploads\/2020\/02\/85215308_1455166627991078_7894584673882341376_o.jpg\",\"articleSection\":[\"Wydarzenia oko\u0142omodelarskie\"],\"inLanguage\":\"pl-PL\",\"potentialAction\":[{\"@type\":\"CommentAction\",\"name\":\"Comment\",\"target\":[\"https:\/\/modelarzeolsztyn.pl\/index.php\/2020\/02\/19\/relacja-wideo-z-wernisazu-w-ostrodzie\/#respond\"]}]},{\"@type\":\"WebPage\",\"@id\":\"https:\/\/modelarzeolsztyn.pl\/index.php\/2020\/02\/19\/relacja-wideo-z-wernisazu-w-ostrodzie\/\",\"url\":\"https:\/\/modelarzeolsztyn.pl\/index.php\/2020\/02\/19\/relacja-wideo-z-wernisazu-w-ostrodzie\/\",\"name\":\"Relacja wideo z wernisa\u017cu w Ostr\u00f3dzie - Olszty\u0144skie Stowarzyszenie Modelarzy &quot;Warmia&quot;\",\"isPartOf\":{\"@id\":\"https:\/\/modelarzeolsztyn.pl\/#website\"},\"primaryImageOfPage\":{\"@id\":\"https:\/\/modelarzeolsztyn.pl\/index.php\/2020\/02\/19\/relacja-wideo-z-wernisazu-w-ostrodzie\/#primaryimage\"},\"image\":{\"@id\":\"https:\/\/modelarzeolsztyn.pl\/index.php\/2020\/02\/19\/relacja-wideo-z-wernisazu-w-ostrodzie\/#primaryimage\"},\"thumbnailUrl\":\"https:\/\/modelarzeolsztyn.pl\/wp-content\/uploads\/2020\/02\/85215308_1455166627991078_7894584673882341376_o.jpg\",\"datePublished\":\"2020-02-19T11:51:12+00:00\",\"dateModified\":\"2020-02-19T11:51:14+00:00\",\"breadcrumb\":{\"@id\":\"https:\/\/modelarzeolsztyn.pl\/index.php\/2020\/02\/19\/relacja-wideo-z-wernisazu-w-ostrodzie\/#breadcrumb\"},\"inLanguage\":\"pl-PL\",\"potentialAction\":[{\"@type\":\"ReadAction\",\"target\":[\"https:\/\/modelarzeolsztyn.pl\/index.php\/2020\/02\/19\/relacja-wideo-z-wernisazu-w-ostrodzie\/\"]}]},{\"@type\":\"ImageObject\",\"inLanguage\":\"pl-PL\",\"@id\":\"https:\/\/modelarzeolsztyn.pl\/index.php\/2020\/02\/19\/relacja-wideo-z-wernisazu-w-ostrodzie\/#primaryimage\",\"url\":\"https:\/\/modelarzeolsztyn.pl\/wp-content\/uploads\/2020\/02\/85215308_1455166627991078_7894584673882341376_o.jpg\",\"contentUrl\":\"https:\/\/modelarzeolsztyn.pl\/wp-content\/uploads\/2020\/02\/85215308_1455166627991078_7894584673882341376_o.jpg\",\"width\":1200,\"height\":881},{\"@type\":\"BreadcrumbList\",\"@id\":\"https:\/\/modelarzeolsztyn.pl\/index.php\/2020\/02\/19\/relacja-wideo-z-wernisazu-w-ostrodzie\/#breadcrumb\",\"itemListElement\":[{\"@type\":\"ListItem\",\"position\":1,\"name\":\"Strona g\u0142\u00f3wna\",\"item\":\"https:\/\/modelarzeolsztyn.pl\/\"},{\"@type\":\"ListItem\",\"position\":2,\"name\":\"Relacja wideo z wernisa\u017cu w Ostr\u00f3dzie\"}]},{\"@type\":\"WebSite\",\"@id\":\"https:\/\/modelarzeolsztyn.pl\/#website\",\"url\":\"https:\/\/modelarzeolsztyn.pl\/\",\"name\":\"Olszty\u0144skie Stowarzyszenie Modelarzy &quot;Warmia&quot;\",\"description\":\"Witryna stowarzyszenia zapale\u0144c\u00f3w modelarskich z Olsztyna i okolic\",\"publisher\":{\"@id\":\"https:\/\/modelarzeolsztyn.pl\/#organization\"},\"potentialAction\":[{\"@type\":\"SearchAction\",\"target\":{\"@type\":\"EntryPoint\",\"urlTemplate\":\"https:\/\/modelarzeolsztyn.pl\/?s={search_term_string}\"},\"query-input\":{\"@type\":\"PropertyValueSpecification\",\"valueRequired\":true,\"valueName\":\"search_term_string\"}}],\"inLanguage\":\"pl-PL\"},{\"@type\":\"Organization\",\"@id\":\"https:\/\/modelarzeolsztyn.pl\/#organization\",\"name\":\"Olszty\u0144skie Stowarzyszenie Modelarzy \\\"Warmia\\\"\",\"url\":\"https:\/\/modelarzeolsztyn.pl\/\",\"logo\":{\"@type\":\"ImageObject\",\"inLanguage\":\"pl-PL\",\"@id\":\"https:\/\/modelarzeolsztyn.pl\/#\/schema\/logo\/image\/\",\"url\":\"https:\/\/modelarzeolsztyn.pl\/wp-content\/uploads\/2017\/08\/cropped-logoprzez.png\",\"contentUrl\":\"https:\/\/modelarzeolsztyn.pl\/wp-content\/uploads\/2017\/08\/cropped-logoprzez.png\",\"width\":512,\"height\":512,\"caption\":\"Olszty\u0144skie Stowarzyszenie Modelarzy \\\"Warmia\\\"\"},\"image\":{\"@id\":\"https:\/\/modelarzeolsztyn.pl\/#\/schema\/logo\/image\/\"},\"sameAs\":[\"https:\/\/www.facebook.com\/Olszty\u0144skie-Stowarzyszenie-Modelarzy-Warmia-1049089618478093\/\"]},{\"@type\":\"Person\",\"@id\":\"https:\/\/modelarzeolsztyn.pl\/#\/schema\/person\/c62f133d440e75d3fe3eda0ea7f064d8\",\"name\":\"xychu\",\"image\":{\"@type\":\"ImageObject\",\"inLanguage\":\"pl-PL\",\"@id\":\"https:\/\/modelarzeolsztyn.pl\/#\/schema\/person\/image\/\",\"url\":\"https:\/\/secure.gravatar.com\/avatar\/e82a7c048d8e8fab01975bc0c6ef7565?s=96&d=mm&r=g\",\"contentUrl\":\"https:\/\/secure.gravatar.com\/avatar\/e82a7c048d8e8fab01975bc0c6ef7565?s=96&d=mm&r=g\",\"caption\":\"xychu\"}}]}<\/script>\n<!-- \/ Yoast SEO plugin. -->","yoast_head_json":{"title":"Relacja wideo z wernisa\u017cu w Ostr\u00f3dzie - Olszty\u0144skie Stowarzyszenie Modelarzy &quot;Warmia&quot;","robots":{"index":"index","follow":"follow","max-snippet":"max-snippet:-1","max-image-preview":"max-image-preview:large","max-video-preview":"max-video-preview:-1"},"canonical":"https:\/\/modelarzeolsztyn.pl\/index.php\/2020\/02\/19\/relacja-wideo-z-wernisazu-w-ostrodzie\/","og_locale":"pl_PL","og_type":"article","og_title":"Relacja wideo z wernisa\u017cu w Ostr\u00f3dzie - Olszty\u0144skie Stowarzyszenie Modelarzy &quot;Warmia&quot;","og_description":"Dzi\u0119ki telewizji internetowej RzeczJasna mamy relacj\u0119 wideo z Wernisa\u017cu Wystawy Modeli w Ostr\u00f3dzie. Dzi\u0119kujemy !","og_url":"https:\/\/modelarzeolsztyn.pl\/index.php\/2020\/02\/19\/relacja-wideo-z-wernisazu-w-ostrodzie\/","og_site_name":"Olszty\u0144skie Stowarzyszenie Modelarzy &quot;Warmia&quot;","article_publisher":"https:\/\/www.facebook.com\/Olszty%c5%84skie-Stowarzyszenie-Modelarzy-Warmia-1049089618478093\/","article_published_time":"2020-02-19T11:51:12+00:00","article_modified_time":"2020-02-19T11:51:14+00:00","og_image":[{"width":1200,"height":881,"url":"https:\/\/modelarzeolsztyn.pl\/wp-content\/uploads\/2020\/02\/85215308_1455166627991078_7894584673882341376_o.jpg","type":"image\/jpeg"}],"author":"xychu","twitter_card":"summary_large_image","twitter_misc":{"Napisane przez":"xychu"},"schema":{"@context":"https:\/\/schema.org","@graph":[{"@type":"Article","@id":"https:\/\/modelarzeolsztyn.pl\/index.php\/2020\/02\/19\/relacja-wideo-z-wernisazu-w-ostrodzie\/#article","isPartOf":{"@id":"https:\/\/modelarzeolsztyn.pl\/index.php\/2020\/02\/19\/relacja-wideo-z-wernisazu-w-ostrodzie\/"},"author":{"name":"xychu","@id":"https:\/\/modelarzeolsztyn.pl\/#\/schema\/person\/c62f133d440e75d3fe3eda0ea7f064d8"},"headline":"Relacja wideo z wernisa\u017cu w Ostr\u00f3dzie","datePublished":"2020-02-19T11:51:12+00:00","dateModified":"2020-02-19T11:51:14+00:00","mainEntityOfPage":{"@id":"https:\/\/modelarzeolsztyn.pl\/index.php\/2020\/02\/19\/relacja-wideo-z-wernisazu-w-ostrodzie\/"},"wordCount":32,"commentCount":0,"publisher":{"@id":"https:\/\/modelarzeolsztyn.pl\/#organization"},"image":{"@id":"https:\/\/modelarzeolsztyn.pl\/index.php\/2020\/02\/19\/relacja-wideo-z-wernisazu-w-ostrodzie\/#primaryimage"},"thumbnailUrl":"https:\/\/modelarzeolsztyn.pl\/wp-content\/uploads\/2020\/02\/85215308_1455166627991078_7894584673882341376_o.jpg","articleSection":["Wydarzenia oko\u0142omodelarskie"],"inLanguage":"pl-PL","potentialAction":[{"@type":"CommentAction","name":"Comment","target":["https:\/\/modelarzeolsztyn.pl\/index.php\/2020\/02\/19\/relacja-wideo-z-wernisazu-w-ostrodzie\/#respond"]}]},{"@type":"WebPage","@id":"https:\/\/modelarzeolsztyn.pl\/index.php\/2020\/02\/19\/relacja-wideo-z-wernisazu-w-ostrodzie\/","url":"https:\/\/modelarzeolsztyn.pl\/index.php\/2020\/02\/19\/relacja-wideo-z-wernisazu-w-ostrodzie\/","name":"Relacja wideo z wernisa\u017cu w Ostr\u00f3dzie - Olszty\u0144skie Stowarzyszenie Modelarzy &quot;Warmia&quot;","isPartOf":{"@id":"https:\/\/modelarzeolsztyn.pl\/#website"},"primaryImageOfPage":{"@id":"https:\/\/modelarzeolsztyn.pl\/index.php\/2020\/02\/19\/relacja-wideo-z-wernisazu-w-ostrodzie\/#primaryimage"},"image":{"@id":"https:\/\/modelarzeolsztyn.pl\/index.php\/2020\/02\/19\/relacja-wideo-z-wernisazu-w-ostrodzie\/#primaryimage"},"thumbnailUrl":"https:\/\/modelarzeolsztyn.pl\/wp-content\/uploads\/2020\/02\/85215308_1455166627991078_7894584673882341376_o.jpg","datePublished":"2020-02-19T11:51:12+00:00","dateModified":"2020-02-19T11:51:14+00:00","breadcrumb":{"@id":"https:\/\/modelarzeolsztyn.pl\/index.php\/2020\/02\/19\/relacja-wideo-z-wernisazu-w-ostrodzie\/#breadcrumb"},"inLanguage":"pl-PL","potentialAction":[{"@type":"ReadAction","target":["https:\/\/modelarzeolsztyn.pl\/index.php\/2020\/02\/19\/relacja-wideo-z-wernisazu-w-ostrodzie\/"]}]},{"@type":"ImageObject","inLanguage":"pl-PL","@id":"https:\/\/modelarzeolsztyn.pl\/index.php\/2020\/02\/19\/relacja-wideo-z-wernisazu-w-ostrodzie\/#primaryimage","url":"https:\/\/modelarzeolsztyn.pl\/wp-content\/uploads\/2020\/02\/85215308_1455166627991078_7894584673882341376_o.jpg","contentUrl":"https:\/\/modelarzeolsztyn.pl\/wp-content\/uploads\/2020\/02\/85215308_1455166627991078_7894584673882341376_o.jpg","width":1200,"height":881},{"@type":"BreadcrumbList","@id":"https:\/\/modelarzeolsztyn.pl\/index.php\/2020\/02\/19\/relacja-wideo-z-wernisazu-w-ostrodzie\/#breadcrumb","itemListElement":[{"@type":"ListItem","position":1,"name":"Strona g\u0142\u00f3wna","item":"https:\/\/modelarzeolsztyn.pl\/"},{"@type":"ListItem","position":2,"name":"Relacja wideo z wernisa\u017cu w Ostr\u00f3dzie"}]},{"@type":"WebSite","@id":"https:\/\/modelarzeolsztyn.pl\/#website","url":"https:\/\/modelarzeolsztyn.pl\/","name":"Olszty\u0144skie Stowarzyszenie Modelarzy &quot;Warmia&quot;","description":"Witryna stowarzyszenia zapale\u0144c\u00f3w modelarskich z Olsztyna i okolic","publisher":{"@id":"https:\/\/modelarzeolsztyn.pl\/#organization"},"potentialAction":[{"@type":"SearchAction","target":{"@type":"EntryPoint","urlTemplate":"https:\/\/modelarzeolsztyn.pl\/?s={search_term_string}"},"query-input":{"@type":"PropertyValueSpecification","valueRequired":true,"valueName":"search_term_string"}}],"inLanguage":"pl-PL"},{"@type":"Organization","@id":"https:\/\/modelarzeolsztyn.pl\/#organization","name":"Olszty\u0144skie Stowarzyszenie Modelarzy \"Warmia\"","url":"https:\/\/modelarzeolsztyn.pl\/","logo":{"@type":"ImageObject","inLanguage":"pl-PL","@id":"https:\/\/modelarzeolsztyn.pl\/#\/schema\/logo\/image\/","url":"https:\/\/modelarzeolsztyn.pl\/wp-content\/uploads\/2017\/08\/cropped-logoprzez.png","contentUrl":"https:\/\/modelarzeolsztyn.pl\/wp-content\/uploads\/2017\/08\/cropped-logoprzez.png","width":512,"height":512,"caption":"Olszty\u0144skie Stowarzyszenie Modelarzy \"Warmia\""},"image":{"@id":"https:\/\/modelarzeolsztyn.pl\/#\/schema\/logo\/image\/"},"sameAs":["https:\/\/www.facebook.com\/Olszty\u0144skie-Stowarzyszenie-Modelarzy-Warmia-1049089618478093\/"]},{"@type":"Person","@id":"https:\/\/modelarzeolsztyn.pl\/#\/schema\/person\/c62f133d440e75d3fe3eda0ea7f064d8","name":"xychu","image":{"@type":"ImageObject","inLanguage":"pl-PL","@id":"https:\/\/modelarzeolsztyn.pl\/#\/schema\/person\/image\/","url":"https:\/\/secure.gravatar.com\/avatar\/e82a7c048d8e8fab01975bc0c6ef7565?s=96&d=mm&r=g","contentUrl":"https:\/\/secure.gravatar.com\/avatar\/e82a7c048d8e8fab01975bc0c6ef7565?s=96&d=mm&r=g","caption":"xychu"}}]}},"_links":{"self":[{"href":"https:\/\/modelarzeolsztyn.pl\/index.php\/wp-json\/wp\/v2\/posts\/1514"}],"collection":[{"href":"https:\/\/modelarzeolsztyn.pl\/index.php\/wp-json\/wp\/v2\/posts"}],"about":[{"href":"https:\/\/modelarzeolsztyn.pl\/index.php\/wp-json\/wp\/v2\/types\/post"}],"author":[{"embeddable":true,"href":"https:\/\/modelarzeolsztyn.pl\/index.php\/wp-json\/wp\/v2\/users\/1"}],"replies":[{"embeddable":true,"href":"https:\/\/modelarzeolsztyn.pl\/index.php\/wp-json\/wp\/v2\/comments?post=1514"}],"version-history":[{"count":1,"href":"https:\/\/modelarzeolsztyn.pl\/index.php\/wp-json\/wp\/v2\/posts\/1514\/revisions"}],"predecessor-version":[{"id":1515,"href":"https:\/\/modelarzeolsztyn.pl\/index.php\/wp-json\/wp\/v2\/posts\/1514\/revisions\/1515"}],"wp:featuredmedia":[{"embeddable":true,"href":"https:\/\/modelarzeolsztyn.pl\/index.php\/wp-json\/wp\/v2\/media\/1506"}],"wp:attachment":[{"href":"https:\/\/modelarzeolsztyn.pl\/index.php\/wp-json\/wp\/v2\/media?parent=1514"}],"wp:term":[{"taxonomy":"category","embeddable":true,"href":"https:\/\/modelarzeolsztyn.pl\/index.php\/wp-json\/wp\/v2\/categories?post=1514"},{"taxonomy":"post_tag","embeddable":true,"href":"https:\/\/modelarzeolsztyn.pl\/index.php\/wp-json\/wp\/v2\/tags?post=1514"}],"curies":[{"name":"wp","href":"https:\/\/api.w.org\/{rel}","templated":true}]}}