{"id":1754,"date":"2022-03-29T20:47:22","date_gmt":"2022-03-29T18:47:22","guid":{"rendered":"https:\/\/modelarzeolsztyn.pl\/?p=1754"},"modified":"2022-03-29T20:47:24","modified_gmt":"2022-03-29T18:47:24","slug":"wkrotce-zapisy","status":"publish","type":"post","link":"https:\/\/modelarzeolsztyn.pl\/index.php\/2022\/03\/29\/wkrotce-zapisy\/","title":{"rendered":"Wkr\u00f3tce zapisy!"},"content":{"rendered":"\n<p>Witamy. Rejestracja zostanie uruchomiona 8 kwietnia i potrwa do czwartku 21 kwietnia do 24.00. Pi\u0105tek przeznaczamy na wydruk kart startowych. W\u015br\u00f3d uczestnik\u00f3w, kt\u00f3rzy zarejestruj\u0105 si\u0119 do 21 kwietnia rozlosujemy nagrod\u0119. Zdecydowanie prosimy nie nastawia\u0107 si\u0119 na rejestracj\u0119 po przyje\u017adzie na miejsce, to u\u0142\u0105twi \u017cycie wszystkim (organizatorzy szybciej wszystko ogarn\u0105 a uczestnicy nie b\u0119d\u0105 traci\u0107 czasu). Dopuszczamy w uzasadnionych przypadkach rejestracj\u0119 na miejscu ale wy\u0142\u0105cznie z w\u0142asnych urz\u0105dze\u0144 uczestnik\u00f3w (np. telefonu kom\u00f3rkowego), organizatorzy nie udost\u0119pniaj\u0105 sprz\u0119tu do rejestracji.<\/p>\n","protected":false},"excerpt":{"rendered":"<p>Witamy. Rejestracja zostanie uruchomiona 8 kwietnia i potrwa do czwartku 21 kwietnia do 24.00. Pi\u0105tek przeznaczamy na wydruk kart startowych. W\u015br\u00f3d uczestnik\u00f3w, kt\u00f3rzy zarejestruj\u0105 si\u0119 do 21 kwietnia rozlosujemy nagrod\u0119. Zdecydowanie prosimy nie nastawia\u0107 si\u0119 na rejestracj\u0119 po przyje\u017adzie na miejsce, to u\u0142\u0105twi \u017cycie wszystkim (organizatorzy szybciej wszystko ogarn\u0105 a uczestnicy nie b\u0119d\u0105 traci\u0107 czasu).<a class=\"moretag\" href=\"https:\/\/modelarzeolsztyn.pl\/index.php\/2022\/03\/29\/wkrotce-zapisy\/\"><span class=\"screen-reader-text\">Wi\u0119cej oWkr\u00f3tce zapisy!<\/span>[&#8230;]<\/a><\/p>\n","protected":false},"author":1,"featured_media":1755,"comment_status":"open","ping_status":"open","sticky":false,"template":"","format":"standard","meta":{"footnotes":""},"categories":[4,5],"tags":[],"yoast_head":"<!-- This site is optimized with the Yoast SEO plugin v24.5 - https:\/\/yoast.com\/wordpress\/plugins\/seo\/ -->\n<title>Wkr\u00f3tce zapisy! - Olszty\u0144skie Stowarzyszenie Modelarzy &quot;Warmia&quot;<\/title>\n<meta name=\"robots\" content=\"index, follow, max-snippet:-1, max-image-preview:large, max-video-preview:-1\" \/>\n<link rel=\"canonical\" href=\"https:\/\/modelarzeolsztyn.pl\/index.php\/2022\/03\/29\/wkrotce-zapisy\/\" \/>\n<meta property=\"og:locale\" content=\"pl_PL\" \/>\n<meta property=\"og:type\" content=\"article\" \/>\n<meta property=\"og:title\" content=\"Wkr\u00f3tce zapisy! - Olszty\u0144skie Stowarzyszenie Modelarzy &quot;Warmia&quot;\" \/>\n<meta property=\"og:description\" content=\"Witamy. Rejestracja zostanie uruchomiona 8 kwietnia i potrwa do czwartku 21 kwietnia do 24.00. Pi\u0105tek przeznaczamy na wydruk kart startowych. W\u015br\u00f3d uczestnik\u00f3w, kt\u00f3rzy zarejestruj\u0105 si\u0119 do 21 kwietnia rozlosujemy nagrod\u0119. Zdecydowanie prosimy nie nastawia\u0107 si\u0119 na rejestracj\u0119 po przyje\u017adzie na miejsce, to u\u0142\u0105twi \u017cycie wszystkim (organizatorzy szybciej wszystko ogarn\u0105 a uczestnicy nie b\u0119d\u0105 traci\u0107 czasu).Wi\u0119cej oWkr\u00f3tce zapisy![...]\" \/>\n<meta property=\"og:url\" content=\"https:\/\/modelarzeolsztyn.pl\/index.php\/2022\/03\/29\/wkrotce-zapisy\/\" \/>\n<meta property=\"og:site_name\" content=\"Olszty\u0144skie Stowarzyszenie Modelarzy &quot;Warmia&quot;\" \/>\n<meta property=\"article:publisher\" content=\"https:\/\/www.facebook.com\/Olszty%c5%84skie-Stowarzyszenie-Modelarzy-Warmia-1049089618478093\/\" \/>\n<meta property=\"article:published_time\" content=\"2022-03-29T18:47:22+00:00\" \/>\n<meta property=\"article:modified_time\" content=\"2022-03-29T18:47:24+00:00\" \/>\n<meta property=\"og:image\" content=\"https:\/\/modelarzeolsztyn.pl\/wp-content\/uploads\/2022\/03\/EWRC-2019_registration_get-ready.jpg\" \/>\n\t<meta property=\"og:image:width\" content=\"700\" \/>\n\t<meta property=\"og:image:height\" content=\"433\" \/>\n\t<meta property=\"og:image:type\" content=\"image\/jpeg\" \/>\n<meta name=\"author\" content=\"xychu\" \/>\n<meta name=\"twitter:card\" content=\"summary_large_image\" \/>\n<meta name=\"twitter:label1\" content=\"Napisane przez\" \/>\n\t<meta name=\"twitter:data1\" content=\"xychu\" \/>\n\t<meta name=\"twitter:label2\" content=\"Szacowany czas czytania\" \/>\n\t<meta name=\"twitter:data2\" content=\"1 minuta\" \/>\n<script type=\"application\/ld+json\" class=\"yoast-schema-graph\">{\"@context\":\"https:\/\/schema.org\",\"@graph\":[{\"@type\":\"Article\",\"@id\":\"https:\/\/modelarzeolsztyn.pl\/index.php\/2022\/03\/29\/wkrotce-zapisy\/#article\",\"isPartOf\":{\"@id\":\"https:\/\/modelarzeolsztyn.pl\/index.php\/2022\/03\/29\/wkrotce-zapisy\/\"},\"author\":{\"name\":\"xychu\",\"@id\":\"https:\/\/modelarzeolsztyn.pl\/#\/schema\/person\/c62f133d440e75d3fe3eda0ea7f064d8\"},\"headline\":\"Wkr\u00f3tce zapisy!\",\"datePublished\":\"2022-03-29T18:47:22+00:00\",\"dateModified\":\"2022-03-29T18:47:24+00:00\",\"mainEntityOfPage\":{\"@id\":\"https:\/\/modelarzeolsztyn.pl\/index.php\/2022\/03\/29\/wkrotce-zapisy\/\"},\"wordCount\":91,\"commentCount\":0,\"publisher\":{\"@id\":\"https:\/\/modelarzeolsztyn.pl\/#organization\"},\"image\":{\"@id\":\"https:\/\/modelarzeolsztyn.pl\/index.php\/2022\/03\/29\/wkrotce-zapisy\/#primaryimage\"},\"thumbnailUrl\":\"https:\/\/modelarzeolsztyn.pl\/wp-content\/uploads\/2022\/03\/EWRC-2019_registration_get-ready.jpg\",\"articleSection\":[\"Konkursy\",\"Wydarzenia oko\u0142omodelarskie\"],\"inLanguage\":\"pl-PL\",\"potentialAction\":[{\"@type\":\"CommentAction\",\"name\":\"Comment\",\"target\":[\"https:\/\/modelarzeolsztyn.pl\/index.php\/2022\/03\/29\/wkrotce-zapisy\/#respond\"]}]},{\"@type\":\"WebPage\",\"@id\":\"https:\/\/modelarzeolsztyn.pl\/index.php\/2022\/03\/29\/wkrotce-zapisy\/\",\"url\":\"https:\/\/modelarzeolsztyn.pl\/index.php\/2022\/03\/29\/wkrotce-zapisy\/\",\"name\":\"Wkr\u00f3tce zapisy! - Olszty\u0144skie Stowarzyszenie Modelarzy &quot;Warmia&quot;\",\"isPartOf\":{\"@id\":\"https:\/\/modelarzeolsztyn.pl\/#website\"},\"primaryImageOfPage\":{\"@id\":\"https:\/\/modelarzeolsztyn.pl\/index.php\/2022\/03\/29\/wkrotce-zapisy\/#primaryimage\"},\"image\":{\"@id\":\"https:\/\/modelarzeolsztyn.pl\/index.php\/2022\/03\/29\/wkrotce-zapisy\/#primaryimage\"},\"thumbnailUrl\":\"https:\/\/modelarzeolsztyn.pl\/wp-content\/uploads\/2022\/03\/EWRC-2019_registration_get-ready.jpg\",\"datePublished\":\"2022-03-29T18:47:22+00:00\",\"dateModified\":\"2022-03-29T18:47:24+00:00\",\"breadcrumb\":{\"@id\":\"https:\/\/modelarzeolsztyn.pl\/index.php\/2022\/03\/29\/wkrotce-zapisy\/#breadcrumb\"},\"inLanguage\":\"pl-PL\",\"potentialAction\":[{\"@type\":\"ReadAction\",\"target\":[\"https:\/\/modelarzeolsztyn.pl\/index.php\/2022\/03\/29\/wkrotce-zapisy\/\"]}]},{\"@type\":\"ImageObject\",\"inLanguage\":\"pl-PL\",\"@id\":\"https:\/\/modelarzeolsztyn.pl\/index.php\/2022\/03\/29\/wkrotce-zapisy\/#primaryimage\",\"url\":\"https:\/\/modelarzeolsztyn.pl\/wp-content\/uploads\/2022\/03\/EWRC-2019_registration_get-ready.jpg\",\"contentUrl\":\"https:\/\/modelarzeolsztyn.pl\/wp-content\/uploads\/2022\/03\/EWRC-2019_registration_get-ready.jpg\",\"width\":700,\"height\":433},{\"@type\":\"BreadcrumbList\",\"@id\":\"https:\/\/modelarzeolsztyn.pl\/index.php\/2022\/03\/29\/wkrotce-zapisy\/#breadcrumb\",\"itemListElement\":[{\"@type\":\"ListItem\",\"position\":1,\"name\":\"Strona g\u0142\u00f3wna\",\"item\":\"https:\/\/modelarzeolsztyn.pl\/\"},{\"@type\":\"ListItem\",\"position\":2,\"name\":\"Wkr\u00f3tce zapisy!\"}]},{\"@type\":\"WebSite\",\"@id\":\"https:\/\/modelarzeolsztyn.pl\/#website\",\"url\":\"https:\/\/modelarzeolsztyn.pl\/\",\"name\":\"Olszty\u0144skie Stowarzyszenie Modelarzy &quot;Warmia&quot;\",\"description\":\"Witryna stowarzyszenia zapale\u0144c\u00f3w modelarskich z Olsztyna i okolic\",\"publisher\":{\"@id\":\"https:\/\/modelarzeolsztyn.pl\/#organization\"},\"potentialAction\":[{\"@type\":\"SearchAction\",\"target\":{\"@type\":\"EntryPoint\",\"urlTemplate\":\"https:\/\/modelarzeolsztyn.pl\/?s={search_term_string}\"},\"query-input\":{\"@type\":\"PropertyValueSpecification\",\"valueRequired\":true,\"valueName\":\"search_term_string\"}}],\"inLanguage\":\"pl-PL\"},{\"@type\":\"Organization\",\"@id\":\"https:\/\/modelarzeolsztyn.pl\/#organization\",\"name\":\"Olszty\u0144skie Stowarzyszenie Modelarzy \\\"Warmia\\\"\",\"url\":\"https:\/\/modelarzeolsztyn.pl\/\",\"logo\":{\"@type\":\"ImageObject\",\"inLanguage\":\"pl-PL\",\"@id\":\"https:\/\/modelarzeolsztyn.pl\/#\/schema\/logo\/image\/\",\"url\":\"https:\/\/modelarzeolsztyn.pl\/wp-content\/uploads\/2017\/08\/cropped-logoprzez.png\",\"contentUrl\":\"https:\/\/modelarzeolsztyn.pl\/wp-content\/uploads\/2017\/08\/cropped-logoprzez.png\",\"width\":512,\"height\":512,\"caption\":\"Olszty\u0144skie Stowarzyszenie Modelarzy \\\"Warmia\\\"\"},\"image\":{\"@id\":\"https:\/\/modelarzeolsztyn.pl\/#\/schema\/logo\/image\/\"},\"sameAs\":[\"https:\/\/www.facebook.com\/Olszty\u0144skie-Stowarzyszenie-Modelarzy-Warmia-1049089618478093\/\"]},{\"@type\":\"Person\",\"@id\":\"https:\/\/modelarzeolsztyn.pl\/#\/schema\/person\/c62f133d440e75d3fe3eda0ea7f064d8\",\"name\":\"xychu\",\"image\":{\"@type\":\"ImageObject\",\"inLanguage\":\"pl-PL\",\"@id\":\"https:\/\/modelarzeolsztyn.pl\/#\/schema\/person\/image\/\",\"url\":\"https:\/\/secure.gravatar.com\/avatar\/e82a7c048d8e8fab01975bc0c6ef7565?s=96&d=mm&r=g\",\"contentUrl\":\"https:\/\/secure.gravatar.com\/avatar\/e82a7c048d8e8fab01975bc0c6ef7565?s=96&d=mm&r=g\",\"caption\":\"xychu\"}}]}<\/script>\n<!-- \/ Yoast SEO plugin. -->","yoast_head_json":{"title":"Wkr\u00f3tce zapisy! - Olszty\u0144skie Stowarzyszenie Modelarzy &quot;Warmia&quot;","robots":{"index":"index","follow":"follow","max-snippet":"max-snippet:-1","max-image-preview":"max-image-preview:large","max-video-preview":"max-video-preview:-1"},"canonical":"https:\/\/modelarzeolsztyn.pl\/index.php\/2022\/03\/29\/wkrotce-zapisy\/","og_locale":"pl_PL","og_type":"article","og_title":"Wkr\u00f3tce zapisy! - Olszty\u0144skie Stowarzyszenie Modelarzy &quot;Warmia&quot;","og_description":"Witamy. Rejestracja zostanie uruchomiona 8 kwietnia i potrwa do czwartku 21 kwietnia do 24.00. Pi\u0105tek przeznaczamy na wydruk kart startowych. W\u015br\u00f3d uczestnik\u00f3w, kt\u00f3rzy zarejestruj\u0105 si\u0119 do 21 kwietnia rozlosujemy nagrod\u0119. Zdecydowanie prosimy nie nastawia\u0107 si\u0119 na rejestracj\u0119 po przyje\u017adzie na miejsce, to u\u0142\u0105twi \u017cycie wszystkim (organizatorzy szybciej wszystko ogarn\u0105 a uczestnicy nie b\u0119d\u0105 traci\u0107 czasu).Wi\u0119cej oWkr\u00f3tce zapisy![...]","og_url":"https:\/\/modelarzeolsztyn.pl\/index.php\/2022\/03\/29\/wkrotce-zapisy\/","og_site_name":"Olszty\u0144skie Stowarzyszenie Modelarzy &quot;Warmia&quot;","article_publisher":"https:\/\/www.facebook.com\/Olszty%c5%84skie-Stowarzyszenie-Modelarzy-Warmia-1049089618478093\/","article_published_time":"2022-03-29T18:47:22+00:00","article_modified_time":"2022-03-29T18:47:24+00:00","og_image":[{"width":700,"height":433,"url":"https:\/\/modelarzeolsztyn.pl\/wp-content\/uploads\/2022\/03\/EWRC-2019_registration_get-ready.jpg","type":"image\/jpeg"}],"author":"xychu","twitter_card":"summary_large_image","twitter_misc":{"Napisane przez":"xychu","Szacowany czas czytania":"1 minuta"},"schema":{"@context":"https:\/\/schema.org","@graph":[{"@type":"Article","@id":"https:\/\/modelarzeolsztyn.pl\/index.php\/2022\/03\/29\/wkrotce-zapisy\/#article","isPartOf":{"@id":"https:\/\/modelarzeolsztyn.pl\/index.php\/2022\/03\/29\/wkrotce-zapisy\/"},"author":{"name":"xychu","@id":"https:\/\/modelarzeolsztyn.pl\/#\/schema\/person\/c62f133d440e75d3fe3eda0ea7f064d8"},"headline":"Wkr\u00f3tce zapisy!","datePublished":"2022-03-29T18:47:22+00:00","dateModified":"2022-03-29T18:47:24+00:00","mainEntityOfPage":{"@id":"https:\/\/modelarzeolsztyn.pl\/index.php\/2022\/03\/29\/wkrotce-zapisy\/"},"wordCount":91,"commentCount":0,"publisher":{"@id":"https:\/\/modelarzeolsztyn.pl\/#organization"},"image":{"@id":"https:\/\/modelarzeolsztyn.pl\/index.php\/2022\/03\/29\/wkrotce-zapisy\/#primaryimage"},"thumbnailUrl":"https:\/\/modelarzeolsztyn.pl\/wp-content\/uploads\/2022\/03\/EWRC-2019_registration_get-ready.jpg","articleSection":["Konkursy","Wydarzenia oko\u0142omodelarskie"],"inLanguage":"pl-PL","potentialAction":[{"@type":"CommentAction","name":"Comment","target":["https:\/\/modelarzeolsztyn.pl\/index.php\/2022\/03\/29\/wkrotce-zapisy\/#respond"]}]},{"@type":"WebPage","@id":"https:\/\/modelarzeolsztyn.pl\/index.php\/2022\/03\/29\/wkrotce-zapisy\/","url":"https:\/\/modelarzeolsztyn.pl\/index.php\/2022\/03\/29\/wkrotce-zapisy\/","name":"Wkr\u00f3tce zapisy! - Olszty\u0144skie Stowarzyszenie Modelarzy &quot;Warmia&quot;","isPartOf":{"@id":"https:\/\/modelarzeolsztyn.pl\/#website"},"primaryImageOfPage":{"@id":"https:\/\/modelarzeolsztyn.pl\/index.php\/2022\/03\/29\/wkrotce-zapisy\/#primaryimage"},"image":{"@id":"https:\/\/modelarzeolsztyn.pl\/index.php\/2022\/03\/29\/wkrotce-zapisy\/#primaryimage"},"thumbnailUrl":"https:\/\/modelarzeolsztyn.pl\/wp-content\/uploads\/2022\/03\/EWRC-2019_registration_get-ready.jpg","datePublished":"2022-03-29T18:47:22+00:00","dateModified":"2022-03-29T18:47:24+00:00","breadcrumb":{"@id":"https:\/\/modelarzeolsztyn.pl\/index.php\/2022\/03\/29\/wkrotce-zapisy\/#breadcrumb"},"inLanguage":"pl-PL","potentialAction":[{"@type":"ReadAction","target":["https:\/\/modelarzeolsztyn.pl\/index.php\/2022\/03\/29\/wkrotce-zapisy\/"]}]},{"@type":"ImageObject","inLanguage":"pl-PL","@id":"https:\/\/modelarzeolsztyn.pl\/index.php\/2022\/03\/29\/wkrotce-zapisy\/#primaryimage","url":"https:\/\/modelarzeolsztyn.pl\/wp-content\/uploads\/2022\/03\/EWRC-2019_registration_get-ready.jpg","contentUrl":"https:\/\/modelarzeolsztyn.pl\/wp-content\/uploads\/2022\/03\/EWRC-2019_registration_get-ready.jpg","width":700,"height":433},{"@type":"BreadcrumbList","@id":"https:\/\/modelarzeolsztyn.pl\/index.php\/2022\/03\/29\/wkrotce-zapisy\/#breadcrumb","itemListElement":[{"@type":"ListItem","position":1,"name":"Strona g\u0142\u00f3wna","item":"https:\/\/modelarzeolsztyn.pl\/"},{"@type":"ListItem","position":2,"name":"Wkr\u00f3tce zapisy!"}]},{"@type":"WebSite","@id":"https:\/\/modelarzeolsztyn.pl\/#website","url":"https:\/\/modelarzeolsztyn.pl\/","name":"Olszty\u0144skie Stowarzyszenie Modelarzy &quot;Warmia&quot;","description":"Witryna stowarzyszenia zapale\u0144c\u00f3w modelarskich z Olsztyna i okolic","publisher":{"@id":"https:\/\/modelarzeolsztyn.pl\/#organization"},"potentialAction":[{"@type":"SearchAction","target":{"@type":"EntryPoint","urlTemplate":"https:\/\/modelarzeolsztyn.pl\/?s={search_term_string}"},"query-input":{"@type":"PropertyValueSpecification","valueRequired":true,"valueName":"search_term_string"}}],"inLanguage":"pl-PL"},{"@type":"Organization","@id":"https:\/\/modelarzeolsztyn.pl\/#organization","name":"Olszty\u0144skie Stowarzyszenie Modelarzy \"Warmia\"","url":"https:\/\/modelarzeolsztyn.pl\/","logo":{"@type":"ImageObject","inLanguage":"pl-PL","@id":"https:\/\/modelarzeolsztyn.pl\/#\/schema\/logo\/image\/","url":"https:\/\/modelarzeolsztyn.pl\/wp-content\/uploads\/2017\/08\/cropped-logoprzez.png","contentUrl":"https:\/\/modelarzeolsztyn.pl\/wp-content\/uploads\/2017\/08\/cropped-logoprzez.png","width":512,"height":512,"caption":"Olszty\u0144skie Stowarzyszenie Modelarzy \"Warmia\""},"image":{"@id":"https:\/\/modelarzeolsztyn.pl\/#\/schema\/logo\/image\/"},"sameAs":["https:\/\/www.facebook.com\/Olszty\u0144skie-Stowarzyszenie-Modelarzy-Warmia-1049089618478093\/"]},{"@type":"Person","@id":"https:\/\/modelarzeolsztyn.pl\/#\/schema\/person\/c62f133d440e75d3fe3eda0ea7f064d8","name":"xychu","image":{"@type":"ImageObject","inLanguage":"pl-PL","@id":"https:\/\/modelarzeolsztyn.pl\/#\/schema\/person\/image\/","url":"https:\/\/secure.gravatar.com\/avatar\/e82a7c048d8e8fab01975bc0c6ef7565?s=96&d=mm&r=g","contentUrl":"https:\/\/secure.gravatar.com\/avatar\/e82a7c048d8e8fab01975bc0c6ef7565?s=96&d=mm&r=g","caption":"xychu"}}]}},"_links":{"self":[{"href":"https:\/\/modelarzeolsztyn.pl\/index.php\/wp-json\/wp\/v2\/posts\/1754"}],"collection":[{"href":"https:\/\/modelarzeolsztyn.pl\/index.php\/wp-json\/wp\/v2\/posts"}],"about":[{"href":"https:\/\/modelarzeolsztyn.pl\/index.php\/wp-json\/wp\/v2\/types\/post"}],"author":[{"embeddable":true,"href":"https:\/\/modelarzeolsztyn.pl\/index.php\/wp-json\/wp\/v2\/users\/1"}],"replies":[{"embeddable":true,"href":"https:\/\/modelarzeolsztyn.pl\/index.php\/wp-json\/wp\/v2\/comments?post=1754"}],"version-history":[{"count":1,"href":"https:\/\/modelarzeolsztyn.pl\/index.php\/wp-json\/wp\/v2\/posts\/1754\/revisions"}],"predecessor-version":[{"id":1756,"href":"https:\/\/modelarzeolsztyn.pl\/index.php\/wp-json\/wp\/v2\/posts\/1754\/revisions\/1756"}],"wp:featuredmedia":[{"embeddable":true,"href":"https:\/\/modelarzeolsztyn.pl\/index.php\/wp-json\/wp\/v2\/media\/1755"}],"wp:attachment":[{"href":"https:\/\/modelarzeolsztyn.pl\/index.php\/wp-json\/wp\/v2\/media?parent=1754"}],"wp:term":[{"taxonomy":"category","embeddable":true,"href":"https:\/\/modelarzeolsztyn.pl\/index.php\/wp-json\/wp\/v2\/categories?post=1754"},{"taxonomy":"post_tag","embeddable":true,"href":"https:\/\/modelarzeolsztyn.pl\/index.php\/wp-json\/wp\/v2\/tags?post=1754"}],"curies":[{"name":"wp","href":"https:\/\/api.w.org\/{rel}","templated":true}]}}