{"id":1949,"date":"2023-03-22T09:06:43","date_gmt":"2023-03-22T08:06:43","guid":{"rendered":"https:\/\/modelarzeolsztyn.pl\/?p=1949"},"modified":"2023-03-22T09:06:45","modified_gmt":"2023-03-22T08:06:45","slug":"regulamin-xii-olsztynskiego-festiwalu-kultury-modelarskiej","status":"publish","type":"post","link":"https:\/\/modelarzeolsztyn.pl\/index.php\/2023\/03\/22\/regulamin-xii-olsztynskiego-festiwalu-kultury-modelarskiej\/","title":{"rendered":"Regulamin XII Olszty\u0144skiego Festiwalu Kultury Modelarskiej"},"content":{"rendered":"\n<p>XII Festiwal Kultury Modelarskiej z III Memoria\u0142em plut. pil. Lecha Dunajewskiego w Olsztynie, 15-16.04.2023<\/p>\n\n\n\n<p><a><\/a>Zasady oceny zg\u0142oszonych modeli:<\/p>\n\n\n\n<p>Organizatorzy nie pobieraj\u0105 op\u0142aty startowej.<\/p>\n\n\n\n<p>S\u0119dzia G\u0142\u00f3wny jest powo\u0142ywany przez Organizator\u00f3w przed konkursem.<\/p>\n\n\n\n<p>S\u0119dzia G\u0142\u00f3wny powo\u0142uje komisje s\u0119dziowskie do oceny odpowiednich kategorii i pe\u0142ni nadz\u00f3r og\u00f3lny nad ich prac\u0105. S\u0119dziami s\u0105 wy\u0142\u0105cznie cz\u0142onkowie Olszty\u0144skiego Stowarzyszenia Modelarzy \u201eWarmia\u201d.<\/p>\n\n\n\n<p>S\u0119dziowie nie bior\u0105 udzia\u0142u w rywalizacji konkursowej. Zg\u0142oszone do konkursu modele oceniane s\u0105 wg zasady \u201epodoba si\u0119 \u2013 nie podoba si\u0119\u201d.<\/p>\n\n\n\n<p>Wyniki s\u0119dziowania potwierdza S\u0119dzia G\u0142\u00f3wny. S\u0119dzia G\u0142\u00f3wny oraz Organizator maj\u0105 prawo do ingerencji w wyniki w uzasadnionych przypadkach, np. zbyt ma\u0142ej obsady klas, konieczno\u015bci \u0142\u0105czenia klas itp. S\u0119dzia G\u0142\u00f3wny mo\u017ce powo\u0142a\u0107 now\u0105 komisj\u0119 do ponownego s\u0119dziowania wybranych kategorii.<\/p>\n\n\n\n<p>Decyzje komisji s\u0119dziowskiej podane do informacji publicznej w dniu zako\u0144czenia imprezy s\u0105 ostateczne i niepodwa\u017calne.<\/p>\n\n\n\n<p>Uczestnik mo\u017ce wystawi\u0107 dowoln\u0105 liczb\u0119 modeli.<\/p>\n\n\n\n<p>Uczestnik mo\u017ce zaj\u0105\u0107 tylko jedno z nagradzanych miejsc w danej klasie. Pod uwag\u0119 b\u0119dzie brany najwy\u017cej oceniony model wykonany przez uczestnika. Uczestnicy, kt\u00f3rzy zostan\u0105 wyr\u00f3\u017cnieni otrzymaj\u0105 dyplomy oraz w miar\u0119 mo\u017cliwo\u015bci nagrody rzeczowe.<\/p>\n\n\n\n<p>Organizatorzy planuj\u0105 przyznanie trzech r\u00f3wnorz\u0119dnych wyr\u00f3\u017cnie\u0144 w ka\u017cdej klasie. W przypadku wysokiego poziomu wykonania modeli ilo\u015b\u0107 wyr\u00f3\u017cnie\u0144 mo\u017ce zosta\u0107 zwi\u0119kszona. Analogicznie, w przypadku niskiego poziomu wykonania ilo\u015b\u0107 wyr\u00f3\u017cnie\u0144 mo\u017ce by\u0107 decyzj\u0105 Organizator\u00f3w zmniejszona. O ilo\u015bci wyr\u00f3\u017cnie\u0144 w danej klasie decyduje S\u0119dzia G\u0142\u00f3wny oraz Organizatorzy.<\/p>\n\n\n\n<p>Do\u0142\u0105czenie dokumentacji do modelu nie jest obowi\u0105zkowe, ale zalecane w przypadku modeli waloryzowanych.<\/p>\n\n\n\n<p>Organizatorzy nie przewiduj\u0105 ubezpieczenia modeli.<\/p>\n\n\n\n<p>Organizatorzy zastrzegaj\u0105 sobie prawo do przemieszczania modeli w obr\u0119bie wystawy w celu efektywnego wykorzystania przestrzeni wystawowej przy zachowaniu niezb\u0119dnej ostro\u017cno\u015bci.<\/p>\n\n\n\n<p>Rywalizacja w klasie odb\u0119dzie si\u0119 w przypadku zg\u0142oszenia co najmniej trzech modeli wykonanych przez co najmniej dw\u00f3ch zawodnik\u00f3w. W przypadku niewystarczaj\u0105cej liczby modeli w danej klasie rywalizacja nie odb\u0119dzie si\u0119, uczestnicy otrzymaj\u0105 pami\u0105tkowe dyplomy (nie dotyczy to kategorii wiekowych junior oraz m\u0142odzik).<\/p>\n\n\n\n<p>Za kolekcj\u0119 uwa\u017ca si\u0119 przynajmniej trzy modele powi\u0105zane tematycznie.<\/p>\n\n\n\n<p>Organizatorzy przewiduj\u0105 nagrody specjalne, a po\u0142\u0105czone komisje s\u0119dziowskie wska\u017c\u0105 laureat\u00f3w poszczeg\u00f3lnych nagr\u00f3d.<\/p>\n\n\n\n<p>W trakcie s\u0119dziowania komisja s\u0119dziowska w porozumieniu z S\u0119dzi\u0105 G\u0142\u00f3wnym mo\u017ce zdecydowa\u0107 z zmianie podzia\u0142u na klasy ( po\u0142\u0105czy\u0107 zbli\u017cone kategorie lub w razie potrzeby wydzieli\u0107 nowe).<\/p>\n\n\n\n<p>Mo\u017cliwe jest zg\u0142aszanie i fundowanie prywatnych nagr\u00f3d.<\/p>\n\n\n\n<p>Do oceny nie mog\u0105 by\u0107 wystawiane modele, kt\u00f3re w latach ubieg\u0142ych zdoby\u0142y wyr\u00f3\u017cnienia na Festiwalu w Olsztynie.<\/p>\n\n\n\n<p>Uwaga: rejestracja modeli wy\u0142\u0105cznie drog\u0105 elektroniczn\u0105! Rejestracja zacznie si\u0119 na 2 tygodnie przed Festiwalem, szczeg\u00f3\u0142y podamy w osobnym og\u0142oszeniu.<\/p>\n\n\n\n<p>III Memoria\u0142 plut. pil. Lecha Dunajewskiego<\/p>\n\n\n\n<p>Memoria\u0142 plut. pil. Lecha Dunajewskiego jest cz\u0119\u015bci\u0105 XI Olszty\u0144skiego Festiwalu Kultury Modelarskiej \u2013 rozegrany zostanie jako kategoria specjalna.<\/p>\n\n\n\n<p>Do rywalizacji w Memoriale dopuszczone s\u0105 modele plastikowe oraz kartonowe w dowolnej skali.<\/p>\n\n\n\n<p>W Memoriale mog\u0105 bra\u0107 udzia\u0142 modele nast\u0119puj\u0105cych typ\u00f3w samolot\u00f3w, na kt\u00f3rych lata\u0142 Lech Dunajewski:<\/p>\n\n\n\n<p>Tiger Moth, Fairey Battle, Airspeed Oxford, Miles Master, Boulton Defiant, Hawker Hurricane, Supermarine Spitfire Vb, Hawker Tempest, Hawker Typhoon, Bristol Blenheim, Whitley Whitworth, Wellington, Miles Martinet, Hawker Henley, Percival Proctor, PO2, Zlin 26, Junak, Jak 18, Piper H Grasshopper, Kadet (Heinkel He 72 Kadett), Szczygie\u0142 (Focke-Wulf Fw 44 Stieglitz), Jungmann.<\/p>\n\n\n\n<p>Modele powinny by\u0107 wykonane w polskich oznaczeniach (je\u015bli polskie jednostki u\u017cywa\u0142y konkretnego typu samolotu), premiowane b\u0119d\u0105 malowania z dywizjon\u00f3w 316, 288 i 577 RAF, w kt\u00f3rych lata\u0142 Lech Dunajewski.<\/p>\n\n\n\n<p>Jury wy\u0142oni jednego zwyci\u0119zc\u0119, kt\u00f3ry otrzyma III Memoria\u0142 plut. pil. Lecha Dunajewskiego razem z nagrod\u0105 rzeczow\u0105.<\/p>\n\n\n\n<p>Przewiduje si\u0119 mo\u017cliwo\u015b\u0107 ufundowania dodatkowych nagr\u00f3d specjalnych dla innych uczestnik\u00f3w Memoria\u0142u.<\/p>\n\n\n\n<p>Kategoria specjalna \u201eModel w budowie\u201d<\/p>\n\n\n\n<p>Na XII Festiwalu Kultury Modelarskiej utrzymujemy kategori\u0119 specjaln\u0105 \u201eModel w budowie\u201d. Naszym celem jest pokazanie zwiedzaj\u0105cym r\u00f3\u017cnych etap\u00f3w powstawania modelu, waloryzacji u\u017cywanych przez modelarzy oraz niezb\u0119dnego wk\u0142adu pracy. Kategoria nie b\u0119dzie podzielona na skale.<\/p>\n\n\n\n<p>Kategoria specjalna &#8222;1943 &#8211; rok prze\u0142omu&#8221;<\/p>\n\n\n\n<p>W kategorii znale\u017a\u0107 si\u0119 mog\u0105 wszystkie modele zwi\u0105zane tematycznie z prze\u0142omowymi wydarzeniami roku 1943 na wszystkich teatrach dzia\u0142a\u0144 wojennych.<\/p>\n\n\n\n<p>Ramowy program XII Festiwalu Kultury Modelarskiej<\/p>\n\n\n\n<p>Sobota, 15 kwietnia 2023<\/p>\n\n\n\n<p>9.00 &#8211; 14.00 Przyjmowanie modeli na wystaw\u0119<\/p>\n\n\n\n<p>12.00 \u2013 19.00 Wystawa otwarta dla zwiedzaj\u0105cych<\/p>\n\n\n\n<p>16.30 Rozpocz\u0119cie pracy s\u0119dzi\u00f3w<\/p>\n\n\n\n<p>Niedziela, 16 kwietnia 2023<\/p>\n\n\n\n<p>9.00 \u2013 13.30 Wystawa otwarta dla zwiedzaj\u0105cych<\/p>\n\n\n\n<p>13.30 Og\u0142oszenie wynik\u00f3w i wr\u0119czenie nagr\u00f3d<\/p>\n\n\n\n<p>Miejsce Festiwalu: Muzeum Nowoczesno\u015bci, ul. Ryszarda Knosa\u0142y 3B, 10-010 Olsztyn<\/p>\n\n\n\n<p>Podczas Festiwalu planujemy pokazy modeli RC, technik modelarskich oraz warsztaty dla dzieci. Szczeg\u00f3\u0142owy program zamie\u015bcimy na naszym profilu na FB oraz stronie internetowej<\/p>\n","protected":false},"excerpt":{"rendered":"<p>XII Festiwal Kultury Modelarskiej z III Memoria\u0142em plut. pil. Lecha Dunajewskiego w Olsztynie, 15-16.04.2023 Zasady oceny zg\u0142oszonych modeli: Organizatorzy nie pobieraj\u0105 op\u0142aty startowej. S\u0119dzia G\u0142\u00f3wny jest powo\u0142ywany przez Organizator\u00f3w przed konkursem. S\u0119dzia G\u0142\u00f3wny powo\u0142uje komisje s\u0119dziowskie do oceny odpowiednich kategorii i pe\u0142ni nadz\u00f3r og\u00f3lny nad ich prac\u0105. S\u0119dziami s\u0105 wy\u0142\u0105cznie cz\u0142onkowie Olszty\u0144skiego Stowarzyszenia Modelarzy \u201eWarmia\u201d.<a class=\"moretag\" href=\"https:\/\/modelarzeolsztyn.pl\/index.php\/2023\/03\/22\/regulamin-xii-olsztynskiego-festiwalu-kultury-modelarskiej\/\"><span class=\"screen-reader-text\">Wi\u0119cej oRegulamin XII Olszty\u0144skiego Festiwalu Kultury Modelarskiej<\/span>[&#8230;]<\/a><\/p>\n","protected":false},"author":1,"featured_media":1951,"comment_status":"open","ping_status":"open","sticky":false,"template":"","format":"standard","meta":{"footnotes":""},"categories":[4,5],"tags":[],"yoast_head":"<!-- This site is optimized with the Yoast SEO plugin v24.5 - https:\/\/yoast.com\/wordpress\/plugins\/seo\/ -->\n<title>Regulamin XII Olszty\u0144skiego Festiwalu Kultury Modelarskiej - Olszty\u0144skie Stowarzyszenie Modelarzy &quot;Warmia&quot;<\/title>\n<meta name=\"robots\" content=\"index, follow, max-snippet:-1, max-image-preview:large, max-video-preview:-1\" \/>\n<link rel=\"canonical\" href=\"https:\/\/modelarzeolsztyn.pl\/index.php\/2023\/03\/22\/regulamin-xii-olsztynskiego-festiwalu-kultury-modelarskiej\/\" \/>\n<meta property=\"og:locale\" content=\"pl_PL\" \/>\n<meta property=\"og:type\" content=\"article\" \/>\n<meta property=\"og:title\" content=\"Regulamin XII Olszty\u0144skiego Festiwalu Kultury Modelarskiej - Olszty\u0144skie Stowarzyszenie Modelarzy &quot;Warmia&quot;\" \/>\n<meta property=\"og:description\" content=\"XII Festiwal Kultury Modelarskiej z III Memoria\u0142em plut. pil. Lecha Dunajewskiego w Olsztynie, 15-16.04.2023 Zasady oceny zg\u0142oszonych modeli: Organizatorzy nie pobieraj\u0105 op\u0142aty startowej. S\u0119dzia G\u0142\u00f3wny jest powo\u0142ywany przez Organizator\u00f3w przed konkursem. S\u0119dzia G\u0142\u00f3wny powo\u0142uje komisje s\u0119dziowskie do oceny odpowiednich kategorii i pe\u0142ni nadz\u00f3r og\u00f3lny nad ich prac\u0105. S\u0119dziami s\u0105 wy\u0142\u0105cznie cz\u0142onkowie Olszty\u0144skiego Stowarzyszenia Modelarzy \u201eWarmia\u201d.Wi\u0119cej oRegulamin XII Olszty\u0144skiego Festiwalu Kultury Modelarskiej[...]\" \/>\n<meta property=\"og:url\" content=\"https:\/\/modelarzeolsztyn.pl\/index.php\/2023\/03\/22\/regulamin-xii-olsztynskiego-festiwalu-kultury-modelarskiej\/\" \/>\n<meta property=\"og:site_name\" content=\"Olszty\u0144skie Stowarzyszenie Modelarzy &quot;Warmia&quot;\" \/>\n<meta property=\"article:publisher\" content=\"https:\/\/www.facebook.com\/Olszty%c5%84skie-Stowarzyszenie-Modelarzy-Warmia-1049089618478093\/\" \/>\n<meta property=\"article:published_time\" content=\"2023-03-22T08:06:43+00:00\" \/>\n<meta property=\"article:modified_time\" content=\"2023-03-22T08:06:45+00:00\" \/>\n<meta property=\"og:image\" content=\"https:\/\/modelarzeolsztyn.pl\/wp-content\/uploads\/2023\/03\/rules.webp\" \/>\n\t<meta property=\"og:image:width\" content=\"600\" \/>\n\t<meta property=\"og:image:height\" content=\"224\" \/>\n\t<meta property=\"og:image:type\" content=\"image\/webp\" \/>\n<meta name=\"author\" content=\"xychu\" \/>\n<meta name=\"twitter:card\" content=\"summary_large_image\" \/>\n<meta name=\"twitter:label1\" content=\"Napisane przez\" \/>\n\t<meta name=\"twitter:data1\" content=\"xychu\" \/>\n\t<meta name=\"twitter:label2\" content=\"Szacowany czas czytania\" \/>\n\t<meta name=\"twitter:data2\" content=\"5 minut\" \/>\n<script type=\"application\/ld+json\" class=\"yoast-schema-graph\">{\"@context\":\"https:\/\/schema.org\",\"@graph\":[{\"@type\":\"Article\",\"@id\":\"https:\/\/modelarzeolsztyn.pl\/index.php\/2023\/03\/22\/regulamin-xii-olsztynskiego-festiwalu-kultury-modelarskiej\/#article\",\"isPartOf\":{\"@id\":\"https:\/\/modelarzeolsztyn.pl\/index.php\/2023\/03\/22\/regulamin-xii-olsztynskiego-festiwalu-kultury-modelarskiej\/\"},\"author\":{\"name\":\"xychu\",\"@id\":\"https:\/\/modelarzeolsztyn.pl\/#\/schema\/person\/c62f133d440e75d3fe3eda0ea7f064d8\"},\"headline\":\"Regulamin XII Olszty\u0144skiego Festiwalu Kultury Modelarskiej\",\"datePublished\":\"2023-03-22T08:06:43+00:00\",\"dateModified\":\"2023-03-22T08:06:45+00:00\",\"mainEntityOfPage\":{\"@id\":\"https:\/\/modelarzeolsztyn.pl\/index.php\/2023\/03\/22\/regulamin-xii-olsztynskiego-festiwalu-kultury-modelarskiej\/\"},\"wordCount\":803,\"commentCount\":4,\"publisher\":{\"@id\":\"https:\/\/modelarzeolsztyn.pl\/#organization\"},\"image\":{\"@id\":\"https:\/\/modelarzeolsztyn.pl\/index.php\/2023\/03\/22\/regulamin-xii-olsztynskiego-festiwalu-kultury-modelarskiej\/#primaryimage\"},\"thumbnailUrl\":\"https:\/\/modelarzeolsztyn.pl\/wp-content\/uploads\/2023\/03\/rules.webp\",\"articleSection\":[\"Konkursy\",\"Wydarzenia oko\u0142omodelarskie\"],\"inLanguage\":\"pl-PL\",\"potentialAction\":[{\"@type\":\"CommentAction\",\"name\":\"Comment\",\"target\":[\"https:\/\/modelarzeolsztyn.pl\/index.php\/2023\/03\/22\/regulamin-xii-olsztynskiego-festiwalu-kultury-modelarskiej\/#respond\"]}]},{\"@type\":\"WebPage\",\"@id\":\"https:\/\/modelarzeolsztyn.pl\/index.php\/2023\/03\/22\/regulamin-xii-olsztynskiego-festiwalu-kultury-modelarskiej\/\",\"url\":\"https:\/\/modelarzeolsztyn.pl\/index.php\/2023\/03\/22\/regulamin-xii-olsztynskiego-festiwalu-kultury-modelarskiej\/\",\"name\":\"Regulamin XII Olszty\u0144skiego Festiwalu Kultury Modelarskiej - Olszty\u0144skie Stowarzyszenie Modelarzy &quot;Warmia&quot;\",\"isPartOf\":{\"@id\":\"https:\/\/modelarzeolsztyn.pl\/#website\"},\"primaryImageOfPage\":{\"@id\":\"https:\/\/modelarzeolsztyn.pl\/index.php\/2023\/03\/22\/regulamin-xii-olsztynskiego-festiwalu-kultury-modelarskiej\/#primaryimage\"},\"image\":{\"@id\":\"https:\/\/modelarzeolsztyn.pl\/index.php\/2023\/03\/22\/regulamin-xii-olsztynskiego-festiwalu-kultury-modelarskiej\/#primaryimage\"},\"thumbnailUrl\":\"https:\/\/modelarzeolsztyn.pl\/wp-content\/uploads\/2023\/03\/rules.webp\",\"datePublished\":\"2023-03-22T08:06:43+00:00\",\"dateModified\":\"2023-03-22T08:06:45+00:00\",\"breadcrumb\":{\"@id\":\"https:\/\/modelarzeolsztyn.pl\/index.php\/2023\/03\/22\/regulamin-xii-olsztynskiego-festiwalu-kultury-modelarskiej\/#breadcrumb\"},\"inLanguage\":\"pl-PL\",\"potentialAction\":[{\"@type\":\"ReadAction\",\"target\":[\"https:\/\/modelarzeolsztyn.pl\/index.php\/2023\/03\/22\/regulamin-xii-olsztynskiego-festiwalu-kultury-modelarskiej\/\"]}]},{\"@type\":\"ImageObject\",\"inLanguage\":\"pl-PL\",\"@id\":\"https:\/\/modelarzeolsztyn.pl\/index.php\/2023\/03\/22\/regulamin-xii-olsztynskiego-festiwalu-kultury-modelarskiej\/#primaryimage\",\"url\":\"https:\/\/modelarzeolsztyn.pl\/wp-content\/uploads\/2023\/03\/rules.webp\",\"contentUrl\":\"https:\/\/modelarzeolsztyn.pl\/wp-content\/uploads\/2023\/03\/rules.webp\",\"width\":600,\"height\":224},{\"@type\":\"BreadcrumbList\",\"@id\":\"https:\/\/modelarzeolsztyn.pl\/index.php\/2023\/03\/22\/regulamin-xii-olsztynskiego-festiwalu-kultury-modelarskiej\/#breadcrumb\",\"itemListElement\":[{\"@type\":\"ListItem\",\"position\":1,\"name\":\"Strona g\u0142\u00f3wna\",\"item\":\"https:\/\/modelarzeolsztyn.pl\/\"},{\"@type\":\"ListItem\",\"position\":2,\"name\":\"Regulamin XII Olszty\u0144skiego Festiwalu Kultury Modelarskiej\"}]},{\"@type\":\"WebSite\",\"@id\":\"https:\/\/modelarzeolsztyn.pl\/#website\",\"url\":\"https:\/\/modelarzeolsztyn.pl\/\",\"name\":\"Olszty\u0144skie Stowarzyszenie Modelarzy &quot;Warmia&quot;\",\"description\":\"Witryna stowarzyszenia zapale\u0144c\u00f3w modelarskich z Olsztyna i okolic\",\"publisher\":{\"@id\":\"https:\/\/modelarzeolsztyn.pl\/#organization\"},\"potentialAction\":[{\"@type\":\"SearchAction\",\"target\":{\"@type\":\"EntryPoint\",\"urlTemplate\":\"https:\/\/modelarzeolsztyn.pl\/?s={search_term_string}\"},\"query-input\":{\"@type\":\"PropertyValueSpecification\",\"valueRequired\":true,\"valueName\":\"search_term_string\"}}],\"inLanguage\":\"pl-PL\"},{\"@type\":\"Organization\",\"@id\":\"https:\/\/modelarzeolsztyn.pl\/#organization\",\"name\":\"Olszty\u0144skie Stowarzyszenie Modelarzy \\\"Warmia\\\"\",\"url\":\"https:\/\/modelarzeolsztyn.pl\/\",\"logo\":{\"@type\":\"ImageObject\",\"inLanguage\":\"pl-PL\",\"@id\":\"https:\/\/modelarzeolsztyn.pl\/#\/schema\/logo\/image\/\",\"url\":\"https:\/\/modelarzeolsztyn.pl\/wp-content\/uploads\/2017\/08\/cropped-logoprzez.png\",\"contentUrl\":\"https:\/\/modelarzeolsztyn.pl\/wp-content\/uploads\/2017\/08\/cropped-logoprzez.png\",\"width\":512,\"height\":512,\"caption\":\"Olszty\u0144skie Stowarzyszenie Modelarzy \\\"Warmia\\\"\"},\"image\":{\"@id\":\"https:\/\/modelarzeolsztyn.pl\/#\/schema\/logo\/image\/\"},\"sameAs\":[\"https:\/\/www.facebook.com\/Olszty\u0144skie-Stowarzyszenie-Modelarzy-Warmia-1049089618478093\/\"]},{\"@type\":\"Person\",\"@id\":\"https:\/\/modelarzeolsztyn.pl\/#\/schema\/person\/c62f133d440e75d3fe3eda0ea7f064d8\",\"name\":\"xychu\",\"image\":{\"@type\":\"ImageObject\",\"inLanguage\":\"pl-PL\",\"@id\":\"https:\/\/modelarzeolsztyn.pl\/#\/schema\/person\/image\/\",\"url\":\"https:\/\/secure.gravatar.com\/avatar\/e82a7c048d8e8fab01975bc0c6ef7565?s=96&d=mm&r=g\",\"contentUrl\":\"https:\/\/secure.gravatar.com\/avatar\/e82a7c048d8e8fab01975bc0c6ef7565?s=96&d=mm&r=g\",\"caption\":\"xychu\"}}]}<\/script>\n<!-- \/ Yoast SEO plugin. -->","yoast_head_json":{"title":"Regulamin XII Olszty\u0144skiego Festiwalu Kultury Modelarskiej - Olszty\u0144skie Stowarzyszenie Modelarzy &quot;Warmia&quot;","robots":{"index":"index","follow":"follow","max-snippet":"max-snippet:-1","max-image-preview":"max-image-preview:large","max-video-preview":"max-video-preview:-1"},"canonical":"https:\/\/modelarzeolsztyn.pl\/index.php\/2023\/03\/22\/regulamin-xii-olsztynskiego-festiwalu-kultury-modelarskiej\/","og_locale":"pl_PL","og_type":"article","og_title":"Regulamin XII Olszty\u0144skiego Festiwalu Kultury Modelarskiej - Olszty\u0144skie Stowarzyszenie Modelarzy &quot;Warmia&quot;","og_description":"XII Festiwal Kultury Modelarskiej z III Memoria\u0142em plut. pil. Lecha Dunajewskiego w Olsztynie, 15-16.04.2023 Zasady oceny zg\u0142oszonych modeli: Organizatorzy nie pobieraj\u0105 op\u0142aty startowej. S\u0119dzia G\u0142\u00f3wny jest powo\u0142ywany przez Organizator\u00f3w przed konkursem. S\u0119dzia G\u0142\u00f3wny powo\u0142uje komisje s\u0119dziowskie do oceny odpowiednich kategorii i pe\u0142ni nadz\u00f3r og\u00f3lny nad ich prac\u0105. S\u0119dziami s\u0105 wy\u0142\u0105cznie cz\u0142onkowie Olszty\u0144skiego Stowarzyszenia Modelarzy \u201eWarmia\u201d.Wi\u0119cej oRegulamin XII Olszty\u0144skiego Festiwalu Kultury Modelarskiej[...]","og_url":"https:\/\/modelarzeolsztyn.pl\/index.php\/2023\/03\/22\/regulamin-xii-olsztynskiego-festiwalu-kultury-modelarskiej\/","og_site_name":"Olszty\u0144skie Stowarzyszenie Modelarzy &quot;Warmia&quot;","article_publisher":"https:\/\/www.facebook.com\/Olszty%c5%84skie-Stowarzyszenie-Modelarzy-Warmia-1049089618478093\/","article_published_time":"2023-03-22T08:06:43+00:00","article_modified_time":"2023-03-22T08:06:45+00:00","og_image":[{"width":600,"height":224,"url":"https:\/\/modelarzeolsztyn.pl\/wp-content\/uploads\/2023\/03\/rules.webp","type":"image\/webp"}],"author":"xychu","twitter_card":"summary_large_image","twitter_misc":{"Napisane przez":"xychu","Szacowany czas czytania":"5 minut"},"schema":{"@context":"https:\/\/schema.org","@graph":[{"@type":"Article","@id":"https:\/\/modelarzeolsztyn.pl\/index.php\/2023\/03\/22\/regulamin-xii-olsztynskiego-festiwalu-kultury-modelarskiej\/#article","isPartOf":{"@id":"https:\/\/modelarzeolsztyn.pl\/index.php\/2023\/03\/22\/regulamin-xii-olsztynskiego-festiwalu-kultury-modelarskiej\/"},"author":{"name":"xychu","@id":"https:\/\/modelarzeolsztyn.pl\/#\/schema\/person\/c62f133d440e75d3fe3eda0ea7f064d8"},"headline":"Regulamin XII Olszty\u0144skiego Festiwalu Kultury Modelarskiej","datePublished":"2023-03-22T08:06:43+00:00","dateModified":"2023-03-22T08:06:45+00:00","mainEntityOfPage":{"@id":"https:\/\/modelarzeolsztyn.pl\/index.php\/2023\/03\/22\/regulamin-xii-olsztynskiego-festiwalu-kultury-modelarskiej\/"},"wordCount":803,"commentCount":4,"publisher":{"@id":"https:\/\/modelarzeolsztyn.pl\/#organization"},"image":{"@id":"https:\/\/modelarzeolsztyn.pl\/index.php\/2023\/03\/22\/regulamin-xii-olsztynskiego-festiwalu-kultury-modelarskiej\/#primaryimage"},"thumbnailUrl":"https:\/\/modelarzeolsztyn.pl\/wp-content\/uploads\/2023\/03\/rules.webp","articleSection":["Konkursy","Wydarzenia oko\u0142omodelarskie"],"inLanguage":"pl-PL","potentialAction":[{"@type":"CommentAction","name":"Comment","target":["https:\/\/modelarzeolsztyn.pl\/index.php\/2023\/03\/22\/regulamin-xii-olsztynskiego-festiwalu-kultury-modelarskiej\/#respond"]}]},{"@type":"WebPage","@id":"https:\/\/modelarzeolsztyn.pl\/index.php\/2023\/03\/22\/regulamin-xii-olsztynskiego-festiwalu-kultury-modelarskiej\/","url":"https:\/\/modelarzeolsztyn.pl\/index.php\/2023\/03\/22\/regulamin-xii-olsztynskiego-festiwalu-kultury-modelarskiej\/","name":"Regulamin XII Olszty\u0144skiego Festiwalu Kultury Modelarskiej - Olszty\u0144skie Stowarzyszenie Modelarzy &quot;Warmia&quot;","isPartOf":{"@id":"https:\/\/modelarzeolsztyn.pl\/#website"},"primaryImageOfPage":{"@id":"https:\/\/modelarzeolsztyn.pl\/index.php\/2023\/03\/22\/regulamin-xii-olsztynskiego-festiwalu-kultury-modelarskiej\/#primaryimage"},"image":{"@id":"https:\/\/modelarzeolsztyn.pl\/index.php\/2023\/03\/22\/regulamin-xii-olsztynskiego-festiwalu-kultury-modelarskiej\/#primaryimage"},"thumbnailUrl":"https:\/\/modelarzeolsztyn.pl\/wp-content\/uploads\/2023\/03\/rules.webp","datePublished":"2023-03-22T08:06:43+00:00","dateModified":"2023-03-22T08:06:45+00:00","breadcrumb":{"@id":"https:\/\/modelarzeolsztyn.pl\/index.php\/2023\/03\/22\/regulamin-xii-olsztynskiego-festiwalu-kultury-modelarskiej\/#breadcrumb"},"inLanguage":"pl-PL","potentialAction":[{"@type":"ReadAction","target":["https:\/\/modelarzeolsztyn.pl\/index.php\/2023\/03\/22\/regulamin-xii-olsztynskiego-festiwalu-kultury-modelarskiej\/"]}]},{"@type":"ImageObject","inLanguage":"pl-PL","@id":"https:\/\/modelarzeolsztyn.pl\/index.php\/2023\/03\/22\/regulamin-xii-olsztynskiego-festiwalu-kultury-modelarskiej\/#primaryimage","url":"https:\/\/modelarzeolsztyn.pl\/wp-content\/uploads\/2023\/03\/rules.webp","contentUrl":"https:\/\/modelarzeolsztyn.pl\/wp-content\/uploads\/2023\/03\/rules.webp","width":600,"height":224},{"@type":"BreadcrumbList","@id":"https:\/\/modelarzeolsztyn.pl\/index.php\/2023\/03\/22\/regulamin-xii-olsztynskiego-festiwalu-kultury-modelarskiej\/#breadcrumb","itemListElement":[{"@type":"ListItem","position":1,"name":"Strona g\u0142\u00f3wna","item":"https:\/\/modelarzeolsztyn.pl\/"},{"@type":"ListItem","position":2,"name":"Regulamin XII Olszty\u0144skiego Festiwalu Kultury Modelarskiej"}]},{"@type":"WebSite","@id":"https:\/\/modelarzeolsztyn.pl\/#website","url":"https:\/\/modelarzeolsztyn.pl\/","name":"Olszty\u0144skie Stowarzyszenie Modelarzy &quot;Warmia&quot;","description":"Witryna stowarzyszenia zapale\u0144c\u00f3w modelarskich z Olsztyna i okolic","publisher":{"@id":"https:\/\/modelarzeolsztyn.pl\/#organization"},"potentialAction":[{"@type":"SearchAction","target":{"@type":"EntryPoint","urlTemplate":"https:\/\/modelarzeolsztyn.pl\/?s={search_term_string}"},"query-input":{"@type":"PropertyValueSpecification","valueRequired":true,"valueName":"search_term_string"}}],"inLanguage":"pl-PL"},{"@type":"Organization","@id":"https:\/\/modelarzeolsztyn.pl\/#organization","name":"Olszty\u0144skie Stowarzyszenie Modelarzy \"Warmia\"","url":"https:\/\/modelarzeolsztyn.pl\/","logo":{"@type":"ImageObject","inLanguage":"pl-PL","@id":"https:\/\/modelarzeolsztyn.pl\/#\/schema\/logo\/image\/","url":"https:\/\/modelarzeolsztyn.pl\/wp-content\/uploads\/2017\/08\/cropped-logoprzez.png","contentUrl":"https:\/\/modelarzeolsztyn.pl\/wp-content\/uploads\/2017\/08\/cropped-logoprzez.png","width":512,"height":512,"caption":"Olszty\u0144skie Stowarzyszenie Modelarzy \"Warmia\""},"image":{"@id":"https:\/\/modelarzeolsztyn.pl\/#\/schema\/logo\/image\/"},"sameAs":["https:\/\/www.facebook.com\/Olszty\u0144skie-Stowarzyszenie-Modelarzy-Warmia-1049089618478093\/"]},{"@type":"Person","@id":"https:\/\/modelarzeolsztyn.pl\/#\/schema\/person\/c62f133d440e75d3fe3eda0ea7f064d8","name":"xychu","image":{"@type":"ImageObject","inLanguage":"pl-PL","@id":"https:\/\/modelarzeolsztyn.pl\/#\/schema\/person\/image\/","url":"https:\/\/secure.gravatar.com\/avatar\/e82a7c048d8e8fab01975bc0c6ef7565?s=96&d=mm&r=g","contentUrl":"https:\/\/secure.gravatar.com\/avatar\/e82a7c048d8e8fab01975bc0c6ef7565?s=96&d=mm&r=g","caption":"xychu"}}]}},"_links":{"self":[{"href":"https:\/\/modelarzeolsztyn.pl\/index.php\/wp-json\/wp\/v2\/posts\/1949"}],"collection":[{"href":"https:\/\/modelarzeolsztyn.pl\/index.php\/wp-json\/wp\/v2\/posts"}],"about":[{"href":"https:\/\/modelarzeolsztyn.pl\/index.php\/wp-json\/wp\/v2\/types\/post"}],"author":[{"embeddable":true,"href":"https:\/\/modelarzeolsztyn.pl\/index.php\/wp-json\/wp\/v2\/users\/1"}],"replies":[{"embeddable":true,"href":"https:\/\/modelarzeolsztyn.pl\/index.php\/wp-json\/wp\/v2\/comments?post=1949"}],"version-history":[{"count":1,"href":"https:\/\/modelarzeolsztyn.pl\/index.php\/wp-json\/wp\/v2\/posts\/1949\/revisions"}],"predecessor-version":[{"id":1950,"href":"https:\/\/modelarzeolsztyn.pl\/index.php\/wp-json\/wp\/v2\/posts\/1949\/revisions\/1950"}],"wp:featuredmedia":[{"embeddable":true,"href":"https:\/\/modelarzeolsztyn.pl\/index.php\/wp-json\/wp\/v2\/media\/1951"}],"wp:attachment":[{"href":"https:\/\/modelarzeolsztyn.pl\/index.php\/wp-json\/wp\/v2\/media?parent=1949"}],"wp:term":[{"taxonomy":"category","embeddable":true,"href":"https:\/\/modelarzeolsztyn.pl\/index.php\/wp-json\/wp\/v2\/categories?post=1949"},{"taxonomy":"post_tag","embeddable":true,"href":"https:\/\/modelarzeolsztyn.pl\/index.php\/wp-json\/wp\/v2\/tags?post=1949"}],"curies":[{"name":"wp","href":"https:\/\/api.w.org\/{rel}","templated":true}]}}