{"id":2059,"date":"2025-03-09T15:58:42","date_gmt":"2025-03-09T14:58:42","guid":{"rendered":"https:\/\/modelarzeolsztyn.pl\/?p=2059"},"modified":"2025-03-09T15:58:44","modified_gmt":"2025-03-09T14:58:44","slug":"xiv-festiwal-kultury-modelarskiej-z-v-memorialem-plut-pil-lecha-dunajewskiego-w-olsztynie-05-06-04-2025","status":"publish","type":"post","link":"https:\/\/modelarzeolsztyn.pl\/index.php\/2025\/03\/09\/xiv-festiwal-kultury-modelarskiej-z-v-memorialem-plut-pil-lecha-dunajewskiego-w-olsztynie-05-06-04-2025\/","title":{"rendered":"XIV Festiwal Kultury Modelarskiej z V Memoria\u0142em plut. pil. Lecha Dunajewskiego w Olsztynie, 05-06.04.2025"},"content":{"rendered":"\n<p><strong>Organizatorzy<\/strong><\/p>\n\n\n\n<p><strong>G\u0142\u00f3wnym organizatorem jest Olszty\u0144skie Stowarzyszenie Modelarzy \u201eWarmia\u201d we wsp\u00f3\u0142pracy z Miejskim O\u015brodkiem Kultury, Szko\u0142\u0105 Podstawow\u0105 nr 2 im. J.D\u0105browskiego w Olsztynie oraz Pa\u0142acem M\u0142odzie\u017cy w Olsztynie.<\/strong><\/p>\n\n\n\n<p><strong>Miejsce Festiwalu: Muzeum Nowoczesno\u015bci, ul. Ryszarda Knosa\u0142y 3B, 10-010 Olsztyn<\/strong><\/p>\n\n\n\n<p><strong>Zasady oceny zg\u0142oszonych modeli:<\/strong><\/p>\n\n\n\n<p>S\u0119dzia G\u0142\u00f3wny jest powo\u0142ywany przez Organizator\u00f3w przed konkursem.<\/p>\n\n\n\n<p>S\u0119dzia G\u0142\u00f3wny powo\u0142uje komisje s\u0119dziowskie do oceny odpowiednich kategorii i pe\u0142ni nadz\u00f3r og\u00f3lny nad ich prac\u0105. <strong>S\u0119dziami s\u0105 wy\u0142\u0105cznie cz\u0142onkowie Olszty\u0144skiego Stowarzyszenia Modelarzy \u201eWarmia\u201d.<\/strong><\/p>\n\n\n\n<p>S\u0119dziowie nie bior\u0105 udzia\u0142u w rywalizacji konkursowej. Zg\u0142oszone do konkursu modele oceniane s\u0105 wg zasady \u201epodoba si\u0119 \u2013 nie&nbsp;podoba si\u0119\u201d.<\/p>\n\n\n\n<p>Wyniki s\u0119dziowania potwierdza S\u0119dzia G\u0142\u00f3wny. S\u0119dzia G\u0142\u00f3wny oraz Organizator maj\u0105 prawo do ingerencji w wyniki w uzasadnionych przypadkach, np. zbyt ma\u0142ej obsady klas, konieczno\u015bci \u0142\u0105czenia klas itp. S\u0119dzia G\u0142\u00f3wny mo\u017ce powo\u0142a\u0107 now\u0105 komisj\u0119 do ponownego s\u0119dziowania wybranych kategorii.<\/p>\n\n\n\n<p>Decyzje komisji s\u0119dziowskiej podane do informacji publicznej w dniu zako\u0144czenia imprezy s\u0105 ostateczne i&nbsp;niepodwa\u017calne.<\/p>\n\n\n\n<p>Uczestnik mo\u017ce wystawi\u0107 dowoln\u0105 liczb\u0119 modeli.<\/p>\n\n\n\n<p>Uczestnik mo\u017ce zaj\u0105\u0107 tylko jedno z nagradzanych miejsc w danej klasie. Pod uwag\u0119 b\u0119dzie brany najwy\u017cej oceniony model wykonany przez uczestnika. Uczestnicy, kt\u00f3rzy zostan\u0105 wyr\u00f3\u017cnieni otrzymaj\u0105 dyplomy oraz w miar\u0119 mo\u017cliwo\u015bci nagrody rzeczowe.<\/p>\n\n\n\n<p>Organizatorzy planuj\u0105 przyznanie trzech r\u00f3wnorz\u0119dnych wyr\u00f3\u017cnie\u0144 w ka\u017cdej klasie. W&nbsp;przypadku wysokiego poziomu wykonania modeli ilo\u015b\u0107 wyr\u00f3\u017cnie\u0144 mo\u017ce zosta\u0107 zwi\u0119kszona. Analogicznie, w przypadku niskiego poziomu wykonania ilo\u015b\u0107 wyr\u00f3\u017cnie\u0144 mo\u017ce by\u0107 decyzj\u0105 Organizator\u00f3w zmniejszona. O ilo\u015bci wyr\u00f3\u017cnie\u0144 w danej klasie decyduje S\u0119dzia G\u0142\u00f3wny oraz Organizatorzy.<\/p>\n\n\n\n<p>Do\u0142\u0105czenie dokumentacji do modelu nie jest obowi\u0105zkowe, ale zalecane w przypadku modeli waloryzowanych.<\/p>\n\n\n\n<p>Organizatorzy nie przewiduj\u0105 ubezpieczenia modeli.<\/p>\n\n\n\n<p>Organizatorzy zastrzegaj\u0105 sobie prawo do przemieszczania modeli w obr\u0119bie wystawy w celu efektywnego wykorzystania przestrzeni wystawowej przy zachowaniu niezb\u0119dnej ostro\u017cno\u015bci.<\/p>\n\n\n\n<p>Rywalizacja w klasie odb\u0119dzie si\u0119 w przypadku zg\u0142oszenia co najmniej trzech modeli wykonanych przez co najmniej dw\u00f3ch zawodnik\u00f3w. W przypadku niewystarczaj\u0105cej liczby modeli w danej klasie rywalizacja nie odb\u0119dzie si\u0119, uczestnicy otrzymaj\u0105 pami\u0105tkowe dyplomy (nie dotyczy to kategorii wiekowych junior oraz m\u0142odzik).<\/p>\n\n\n\n<p>Za kolekcj\u0119 uwa\u017ca si\u0119 przynajmniej trzy modele powi\u0105zane tematycznie.<\/p>\n\n\n\n<p>Organizatorzy przewiduj\u0105 nagrody specjalne, a po\u0142\u0105czone komisje s\u0119dziowskie wska\u017c\u0105 laureat\u00f3w poszczeg\u00f3lnych nagr\u00f3d.<\/p>\n\n\n\n<p>W trakcie s\u0119dziowania komisja s\u0119dziowska w porozumieniu z S\u0119dzi\u0105 G\u0142\u00f3wnym mo\u017ce zdecydowa\u0107 z zmianie podzia\u0142u na klasy (po\u0142\u0105czy\u0107 zbli\u017cone kategorie lub w razie potrzeby wydzieli\u0107 nowe).<\/p>\n\n\n\n<p>Mo\u017cliwe jest zg\u0142aszanie i fundowanie prywatnych nagr\u00f3d.<\/p>\n\n\n\n<p>Do oceny nie mog\u0105 by\u0107 wystawiane modele, kt\u00f3re w latach ubieg\u0142ych zdoby\u0142y wyr\u00f3\u017cnienia na Festiwalu w Olsztynie.<\/p>\n\n\n\n<p><strong><u>Uwaga: rejestracja modeli wy\u0142\u0105cznie drog\u0105 elektroniczn\u0105! Rejestracja zacznie si\u0119 na min. 2 tygodnie przed Festiwalem, szczeg\u00f3\u0142y podamy w osobnym og\u0142oszeniu.<\/u><\/strong><\/p>\n\n\n\n<p><strong>V Memoria\u0142 plut. pil. Lecha Dunajewskiego<\/strong><\/p>\n\n\n\n<p>Memoria\u0142 plut. pil. Lecha Dunajewskiego jest cz\u0119\u015bci\u0105 XIV Olszty\u0144skiego Festiwalu Kultury Modelarskiej \u2013 <strong>rozegrany zostanie jako kategoria specjalna<\/strong>.<\/p>\n\n\n\n<p>Do rywalizacji w Memoriale dopuszczone s\u0105 modele plastikowe oraz kartonowe w dowolnej skali.<\/p>\n\n\n\n<p>W Memoriale mog\u0105 bra\u0107 udzia\u0142 modele nast\u0119puj\u0105cych typ\u00f3w samolot\u00f3w, na kt\u00f3rych lata\u0142 Lech Dunajewski:<\/p>\n\n\n\n<p>Tiger Moth, Fairey Battle, Airspeed Oxford, Miles Master, Boulton Defiant, Hawker Hurricane, Supermarine Spitfire Vb, Hawker Tempest, Hawker Typhoon, Bristol Blenheim, Whitley Whitworth, Wellington, Miles Martinet, Hawker Henley, Percival Proctor, PO2, Zlin 26, Junak, Jak 18, Piper H Grasshopper, Kadet (Heinkel He 72 Kadett), Szczygie\u0142 (Focke-Wulf Fw 44 Stieglitz), Jungmann.<\/p>\n\n\n\n<p>Modele powinny by\u0107 wykonane w polskich oznaczeniach (je\u015bli polskie jednostki u\u017cywa\u0142y konkretnego typu samolotu), premiowane b\u0119d\u0105 malowania z dywizjon\u00f3w 316, 288 i 577 RAF, w kt\u00f3rych lata\u0142 Lech Dunajewski.<\/p>\n\n\n\n<p>Jury wy\u0142oni jednego zwyci\u0119zc\u0119, kt\u00f3ry otrzyma V Memoria\u0142 plut. pil. Lecha Dunajewskiego razem z nagrod\u0105 rzeczow\u0105.<\/p>\n\n\n\n<p>Przewiduje si\u0119 mo\u017cliwo\u015b\u0107 ufundowania dodatkowych nagr\u00f3d specjalnych dla innych uczestnik\u00f3w Memoria\u0142u.<\/p>\n\n\n\n<p><a><strong>Kategoria specjalna <\/strong><\/a><strong>\u201eModel w budowie\u201d<\/strong><\/p>\n\n\n\n<p>Na XIV Festiwalu Kultury Modelarskiej tradycyjnie ju\u017c utrzymujemy kategori\u0119 specjaln\u0105 \u201eModel w budowie\u201d. Naszym celem jest pokazanie zwiedzaj\u0105cym r\u00f3\u017cnych etap\u00f3w powstawania modelu, waloryzacji u\u017cywanych przez modelarzy oraz niezb\u0119dnego wk\u0142adu pracy. Kategoria nie b\u0119dzie podzielona na skale.<\/p>\n\n\n\n<p><strong>Kategoria specjalna \u201eModel z nagrody\u201d<\/strong><\/p>\n\n\n\n<p>Kategoria specjalna, w kt\u00f3rej mo\u017cna wystawi\u0107 model, kt\u00f3ry powsta\u0142 z nagrody rzeczowej otrzymanej przez uczestnika w poprzednich edycjach Festiwalu Kultury Modelarskiej. Kategoria dotyczy wszystkich grup wiekowych. Koniecznym za\u0142\u0105cznikiem do modelu jest dyplom wyr\u00f3\u017cnienia.<\/p>\n\n\n\n<p><strong>Kategoria specjalna \u201eWojna w Wietnamie\u201d<\/strong><\/p>\n\n\n\n<p>Kategoria w kt\u00f3rej mo\u017cna wystawi\u0107 prace tematycznie zwi\u0105zane z wojn\u0105 w Wietnamie, w zwi\u0105zku z 50 rocznic\u0105 zako\u0144czenia konfliktu zbrojnego.<\/p>\n\n\n\n<p><strong>Kategoria specjalna \u201eNagroda modelarzy\u201d &nbsp;<\/strong><\/p>\n\n\n\n<p>Zwyci\u0119zca zostanie wy\u0142oniony w drodze g\u0142osowania uczestnik\u00f3w Festiwalu. Uczestnicy bior\u0105cy udzia\u0142 w kategoriach senior i junior otrzymaj\u0105 karty do g\u0142osowania razem z kartami startowymi.<\/p>\n\n\n\n<p><strong>&nbsp;<\/strong><strong><u>Uwaga: uczestnictwo w Festiwalu zwi\u0105zane jest z wp\u0142at\u0105 &nbsp;darowizny na dzia\u0142alno\u015b\u0107 Olszty\u0144skiego Stowarzyszenia Modelarzy \u201eWarmia\u201d. Wysoko\u015b\u0107 darowizny dla seniora to 20 z\u0142, dla juniora 10 z\u0142. (Darowizna nie zale\u017cy od liczby wystawianych modeli). Uczestnicy w kategorii wiekowej m\u0142odzik nie wp\u0142acaj\u0105 darowizny. Wp\u0142at\u0119 prosimy kierowa\u0107 na nr konta bankowego 77 1090 2590 0000 0001 3388 3540 z dopiskiem \u201eDarowizna na Festiwal 2025\u201d oraz imieniem i nazwiskiem zawodnika. Wp\u0142ata powinna zosta\u0107 dokonana w terminie umo\u017cliwiaj\u0105cym jej zaksi\u0119gowanie przez bank Organizatora.<\/u><\/strong><\/p>\n\n\n\n<p><strong>Kategorie konkursowe:<\/strong><\/p>\n\n\n\n<p><strong>I.&nbsp;&nbsp;&nbsp;&nbsp;&nbsp;&nbsp;&nbsp;&nbsp;&nbsp;&nbsp;&nbsp;&nbsp;&nbsp;&nbsp;&nbsp; <\/strong><strong>Modele plastikowe<\/strong><\/p>\n\n\n\n<p><strong>Samoloty:<\/strong><\/p>\n\n\n\n<p>1 M\u0142odzicy bez podzia\u0142u na skale (PMS)<\/p>\n\n\n\n<p>2 Juniorzy bez podzia\u0142u na skale (PJS)<\/p>\n\n\n\n<p>3 Seniorzy 1\/72 i mniejsze (PSS1)<br>4 Seniorzy 1\/48 (PSS2)<br>5 Seniorzy 1\/32 i wi\u0119ksze (PSS3)<\/p>\n\n\n\n<p><strong>\u015amig\u0142owce:<\/strong><\/p>\n\n\n\n<p>6 M\u0142odzicy bez podzia\u0142u na skale (PMH)<\/p>\n\n\n\n<p>7 Juniorzy bez podzia\u0142u na skale (PJH)<\/p>\n\n\n\n<p>8 Seniorzy bez podzia\u0142u na skale (PSH)<\/p>\n\n\n\n<p><strong>Pojazdy wojskowe na podwoziu ko\u0142owym:<\/strong><\/p>\n\n\n\n<p>9 M\u0142odzicy bez podzia\u0142u na skale (PMPK)<\/p>\n\n\n\n<p>10 Juniorzy 1\/72 i mniejsze (PJPK1)<br>11 Juniorzy 1\/48 i wi\u0119ksze (PJPK2)<\/p>\n\n\n\n<p>12 Seniorzy 1\/72 i mniejsze (PSPK1)<br>13 Seniorzy 1\/48 (PSPK2)<br>14 Seniorzy 1\/35 i wi\u0119ksze (PSPK3)<\/p>\n\n\n\n<p><strong>Pojazdy wojskowe na podwoziu&nbsp;g\u0105sienicowym (\u0142\u0105cznie z artyleri\u0105 samobie\u017cn\u0105)<\/strong><\/p>\n\n\n\n<p>15 M\u0142odzicy bez podzia\u0142u na skale (PMPG)<\/p>\n\n\n\n<p>16 Juniorzy 1\/72 i mniejsze (PJPG1)<br>17 Juniorzy 1\/48 (PJPG2) i wi\u0119ksze<\/p>\n\n\n\n<p>18 Seniorzy 1\/72 i mniejsze (PSPG1)<br>19 Seniorzy 1\/48 (PSPG2)<br>20 Seniorzy 1\/35 i wi\u0119ksze (PSPG3)<\/p>\n\n\n\n<p><strong>Artyleria bez w\u0142asnego&nbsp;nap\u0119du:<\/strong><\/p>\n\n\n\n<p>21 M\u0142odzicy bez podzia\u0142u na skale (PMA)<\/p>\n\n\n\n<p>22 Juniorzy bez podzia\u0142u na skale (PJA)<\/p>\n\n\n\n<p>23 Seniorzy bez podzia\u0142u na skale&nbsp; (PSA)<\/p>\n\n\n\n<p><strong>Dioramy:<\/strong><\/p>\n\n\n\n<p>24 M\u0142odzicy bez podzia\u0142u na skale (PMD)<\/p>\n\n\n\n<p>25 Juniorzy bez podzia\u0142u na skale (PJD)<\/p>\n\n\n\n<p>26 Seniorzy bez podzia\u0142u na skale (PSD)<\/p>\n\n\n\n<p><strong>Statki i okr\u0119ty:<\/strong><\/p>\n\n\n\n<p>27 M\u0142odzicy bez podzia\u0142u na skale (PMO)<\/p>\n\n\n\n<p>28 Juniorzy bez podzia\u0142u na skale (PJO)<\/p>\n\n\n\n<p>29 Seniorzy 1\/700 (PSO1)<br>30 Seniorzy 1\/350 (PSO2)<br>31 Seniorzy pozosta\u0142e skale (PSO3)<\/p>\n\n\n\n<p><strong>Pojazdy Cywilne:<\/strong><\/p>\n\n\n\n<p>32 M\u0142odzicy (PMPC)<\/p>\n\n\n\n<p>33 Juniorzy (PJPC)<\/p>\n\n\n\n<p>34 Seniorzy (PSPC)<\/p>\n\n\n\n<p><strong>Figurki:<\/strong><\/p>\n\n\n\n<p>35 M\u0142odzicy bez podzia\u0142u na skale (PMF)<\/p>\n\n\n\n<p>36 Juniorzy bez podzia\u0142u na skale (PJF)<\/p>\n\n\n\n<p>37 Figurki Historyczne Seniorzy (PSF1)<br>38 Figurki Fantasy, Sci-Fi, Warhammer Seniorzy (PSF2)<\/p>\n\n\n\n<p>39 Figurki Popiersia Seniorzy (PSF3)<\/p>\n\n\n\n<p><strong>Kolekcje:<\/strong><\/p>\n\n\n\n<p>40 Juniorzy kolekcje modeli plastikowych bez podzia\u0142u na skale (PJK)<\/p>\n\n\n\n<p>41 Seniorzy kolekcje modeli plastikowych bez podzia\u0142u na skale (PSK)<\/p>\n\n\n\n<p><strong>Inne<\/strong><strong>:<\/strong><br>42 M\u0142odzicy Modele z klock\u00f3w Lego (MKL) \u2013 (Uwaga, ograniczenie wymiar\u00f3w podstawy do 50&#215;50 cm. Za model uznaje si\u0119 kreatywny projekt, kt\u00f3ry nie jest z\u0142o\u017ceniem gotowego zestawu)<\/p>\n\n\n\n<p>43 Juniorzy SF (JSF)<\/p>\n\n\n\n<p>44 Seniorzy SF Wszystko co lata (SSFL)<\/p>\n\n\n\n<p>45 Seniorzy Sci-Fi Wszystko co nie lata (SSF)<\/p>\n\n\n\n<p>46 Modele z innych materia\u0142\u00f3w \u2013 zapa\u0142ki, metal, drewno<\/p>\n\n\n\n<p>47 Inne \u2013 wszystko to, co chcieliby\u015bcie pokaza\u0107 (PI)<\/p>\n\n\n\n<p><strong>II.&nbsp;&nbsp;&nbsp;&nbsp;&nbsp;&nbsp;&nbsp;&nbsp;&nbsp;&nbsp;&nbsp;&nbsp; <\/strong><strong>Modele kartonowe<\/strong><\/p>\n\n\n\n<p>48 M\u0142odzicy pojazdy (KMP)&nbsp;&nbsp;&nbsp;&nbsp;&nbsp;&nbsp;&nbsp;<\/p>\n\n\n\n<p>49 M\u0142odzicy samoloty (KMS)<\/p>\n\n\n\n<p>50 M\u0142odzicy statki i okr\u0119ty (KMO)<\/p>\n\n\n\n<p>51 M\u0142odzicy \u2013 inne modele (KMI)<\/p>\n\n\n\n<p>52 Pojazdy&nbsp;ko\u0142owe Juniorzy (KJPK)<\/p>\n\n\n\n<p>53 Pojazdy&nbsp;g\u0105sienicowe Juniorzy (KJPG)<\/p>\n\n\n\n<p>54 Lotnictwo Juniorzy (KJL)<\/p>\n\n\n\n<p>55 Statki i okr\u0119ty Juniorzy (KJO)<\/p>\n\n\n\n<p>56 Figurki i Zwierz\u0119ta Juniorzy (KJF)<\/p>\n\n\n\n<p>57 Budowle Juniorzy (KJB)<\/p>\n\n\n\n<p>58 Pojazdy ko\u0142owe Seniorzy (KSPK)<\/p>\n\n\n\n<p>59 Pojazdy g\u0105sienicowe Seniorzy (KSPG)<\/p>\n\n\n\n<p>60 Artyleria bez nap\u0119du Seniorzy (KSA)<\/p>\n\n\n\n<p>61 Pojazdy szynowe Seniorzy (KSPS)<\/p>\n\n\n\n<p>62 Samoloty z nap\u0119dem \u015bmig\u0142owym Seniorzy (KSSS)<\/p>\n\n\n\n<p>63 Samoloty z nap\u0119dem odrzutowym Seniorzy (KSSO)<\/p>\n\n\n\n<p>64 \u015amig\u0142owce i wiatrakowce Seniorzy (KSH)<\/p>\n\n\n\n<p>65 Figurki, zwierz\u0119ta i pojazdy kosmiczne Seniorzy (KSF)<\/p>\n\n\n\n<p>66 Statki i \u017caglowce Seniorzy (KSSOZ)<\/p>\n\n\n\n<p>67 Statki i okr\u0119ty do linii wodnej Seniorzy (KSDLW)<\/p>\n\n\n\n<p>68 Okr\u0119ty Seniorzy (KSO)<\/p>\n\n\n\n<p>69 Budowle&nbsp;Seniorzy (KSB)<\/p>\n\n\n\n<p>70 Inne \u2013 wszystko to, co chcieliby\u015bcie pokaza\u0107 (KI)<\/p>\n\n\n\n<p><strong>Ramowy program XIV Festiwalu Kultury Modelarskiej<\/strong><\/p>\n\n\n\n<p><strong>Sobota, 5 kwietnia 2025<\/strong><\/p>\n\n\n\n<p>9.00 &#8211; 14.00 Przyjmowanie modeli na wystaw\u0119<\/p>\n\n\n\n<p>12.00 \u2013 19.00 Wystawa otwarta dla zwiedzaj\u0105cych<\/p>\n\n\n\n<p>16.30 &#8211; Rozpocz\u0119cie pracy s\u0119dzi\u00f3w<\/p>\n\n\n\n<p>19.00 \u2013 Spotkanie integracyjne<\/p>\n\n\n\n<p><strong>Niedziela, 6 kwietnia 2025<\/strong><\/p>\n\n\n\n<p>9.00 \u2013 14.00 Wystawa otwarta dla zwiedzaj\u0105cych<\/p>\n\n\n\n<p>14.00 Og\u0142oszenie wynik\u00f3w i wr\u0119czenie nagr\u00f3d<\/p>\n\n\n\n<p>Podczas Festiwalu planujemy pokazy modeli RC, technik modelarskich oraz warsztaty dla dzieci oraz punkt bookcrossing. Szczeg\u00f3\u0142owy program zamie\u015bcimy na naszym profilu na FB oraz stronie internetowej<\/p>\n\n\n\n<p><br>wi\u0119cej informacji:<br><a href=\"https:\/\/www.facebook.com\/ModelarzeWarmia\" rel=\"noreferrer noopener\" target=\"_blank\">https:\/\/www.facebook.com\/ModelarzeWarmia<\/a><\/p>\n\n\n\n<figure class=\"wp-block-embed\"><div class=\"wp-block-embed__wrapper\">\nhttps:\/\/modelarzeolsztyn.ml\n<\/div><\/figure>\n","protected":false},"excerpt":{"rendered":"<p>Organizatorzy G\u0142\u00f3wnym organizatorem jest Olszty\u0144skie Stowarzyszenie Modelarzy \u201eWarmia\u201d we wsp\u00f3\u0142pracy z Miejskim O\u015brodkiem Kultury, Szko\u0142\u0105 Podstawow\u0105 nr 2 im. J.D\u0105browskiego w Olsztynie oraz Pa\u0142acem M\u0142odzie\u017cy w Olsztynie. Miejsce Festiwalu: Muzeum Nowoczesno\u015bci, ul. Ryszarda Knosa\u0142y 3B, 10-010 Olsztyn Zasady oceny zg\u0142oszonych modeli: S\u0119dzia G\u0142\u00f3wny jest powo\u0142ywany przez Organizator\u00f3w przed konkursem. S\u0119dzia G\u0142\u00f3wny powo\u0142uje komisje s\u0119dziowskie do<a class=\"moretag\" href=\"https:\/\/modelarzeolsztyn.pl\/index.php\/2025\/03\/09\/xiv-festiwal-kultury-modelarskiej-z-v-memorialem-plut-pil-lecha-dunajewskiego-w-olsztynie-05-06-04-2025\/\"><span class=\"screen-reader-text\">Wi\u0119cej oXIV Festiwal Kultury Modelarskiej z V Memoria\u0142em plut. pil. Lecha Dunajewskiego w Olsztynie, 05-06.04.2025<\/span>[&#8230;]<\/a><\/p>\n","protected":false},"author":1,"featured_media":1864,"comment_status":"open","ping_status":"open","sticky":false,"template":"","format":"standard","meta":{"footnotes":""},"categories":[4,5],"tags":[],"yoast_head":"<!-- This site is optimized with the Yoast SEO plugin v24.5 - https:\/\/yoast.com\/wordpress\/plugins\/seo\/ -->\n<title>XIV Festiwal Kultury Modelarskiej z V Memoria\u0142em plut. pil. Lecha Dunajewskiego w Olsztynie, 05-06.04.2025 - Olszty\u0144skie Stowarzyszenie Modelarzy &quot;Warmia&quot;<\/title>\n<meta name=\"robots\" content=\"index, follow, max-snippet:-1, max-image-preview:large, max-video-preview:-1\" \/>\n<link rel=\"canonical\" href=\"https:\/\/modelarzeolsztyn.pl\/index.php\/2025\/03\/09\/xiv-festiwal-kultury-modelarskiej-z-v-memorialem-plut-pil-lecha-dunajewskiego-w-olsztynie-05-06-04-2025\/\" \/>\n<meta property=\"og:locale\" content=\"pl_PL\" \/>\n<meta property=\"og:type\" content=\"article\" \/>\n<meta property=\"og:title\" content=\"XIV Festiwal Kultury Modelarskiej z V Memoria\u0142em plut. pil. Lecha Dunajewskiego w Olsztynie, 05-06.04.2025 - Olszty\u0144skie Stowarzyszenie Modelarzy &quot;Warmia&quot;\" \/>\n<meta property=\"og:description\" content=\"Organizatorzy G\u0142\u00f3wnym organizatorem jest Olszty\u0144skie Stowarzyszenie Modelarzy \u201eWarmia\u201d we wsp\u00f3\u0142pracy z Miejskim O\u015brodkiem Kultury, Szko\u0142\u0105 Podstawow\u0105 nr 2 im. J.D\u0105browskiego w Olsztynie oraz Pa\u0142acem M\u0142odzie\u017cy w Olsztynie. Miejsce Festiwalu: Muzeum Nowoczesno\u015bci, ul. Ryszarda Knosa\u0142y 3B, 10-010 Olsztyn Zasady oceny zg\u0142oszonych modeli: S\u0119dzia G\u0142\u00f3wny jest powo\u0142ywany przez Organizator\u00f3w przed konkursem. S\u0119dzia G\u0142\u00f3wny powo\u0142uje komisje s\u0119dziowskie doWi\u0119cej oXIV Festiwal Kultury Modelarskiej z V Memoria\u0142em plut. pil. Lecha Dunajewskiego w Olsztynie, 05-06.04.2025[...]\" \/>\n<meta property=\"og:url\" content=\"https:\/\/modelarzeolsztyn.pl\/index.php\/2025\/03\/09\/xiv-festiwal-kultury-modelarskiej-z-v-memorialem-plut-pil-lecha-dunajewskiego-w-olsztynie-05-06-04-2025\/\" \/>\n<meta property=\"og:site_name\" content=\"Olszty\u0144skie Stowarzyszenie Modelarzy &quot;Warmia&quot;\" \/>\n<meta property=\"article:publisher\" content=\"https:\/\/www.facebook.com\/Olszty%c5%84skie-Stowarzyszenie-Modelarzy-Warmia-1049089618478093\/\" \/>\n<meta property=\"article:published_time\" content=\"2025-03-09T14:58:42+00:00\" \/>\n<meta property=\"article:modified_time\" content=\"2025-03-09T14:58:44+00:00\" \/>\n<meta property=\"og:image\" content=\"https:\/\/modelarzeolsztyn.pl\/wp-content\/uploads\/2023\/02\/logo1.jpg\" \/>\n\t<meta property=\"og:image:width\" content=\"413\" \/>\n\t<meta property=\"og:image:height\" content=\"413\" \/>\n\t<meta property=\"og:image:type\" content=\"image\/jpeg\" \/>\n<meta name=\"author\" content=\"xychu\" \/>\n<meta name=\"twitter:card\" content=\"summary_large_image\" \/>\n<meta name=\"twitter:label1\" content=\"Napisane przez\" \/>\n\t<meta name=\"twitter:data1\" content=\"xychu\" \/>\n\t<meta name=\"twitter:label2\" content=\"Szacowany czas czytania\" \/>\n\t<meta name=\"twitter:data2\" content=\"9 minut\" \/>\n<script type=\"application\/ld+json\" class=\"yoast-schema-graph\">{\"@context\":\"https:\/\/schema.org\",\"@graph\":[{\"@type\":\"Article\",\"@id\":\"https:\/\/modelarzeolsztyn.pl\/index.php\/2025\/03\/09\/xiv-festiwal-kultury-modelarskiej-z-v-memorialem-plut-pil-lecha-dunajewskiego-w-olsztynie-05-06-04-2025\/#article\",\"isPartOf\":{\"@id\":\"https:\/\/modelarzeolsztyn.pl\/index.php\/2025\/03\/09\/xiv-festiwal-kultury-modelarskiej-z-v-memorialem-plut-pil-lecha-dunajewskiego-w-olsztynie-05-06-04-2025\/\"},\"author\":{\"name\":\"xychu\",\"@id\":\"https:\/\/modelarzeolsztyn.pl\/#\/schema\/person\/c62f133d440e75d3fe3eda0ea7f064d8\"},\"headline\":\"XIV Festiwal Kultury Modelarskiej z V Memoria\u0142em plut. pil. Lecha Dunajewskiego w Olsztynie, 05-06.04.2025\",\"datePublished\":\"2025-03-09T14:58:42+00:00\",\"dateModified\":\"2025-03-09T14:58:44+00:00\",\"mainEntityOfPage\":{\"@id\":\"https:\/\/modelarzeolsztyn.pl\/index.php\/2025\/03\/09\/xiv-festiwal-kultury-modelarskiej-z-v-memorialem-plut-pil-lecha-dunajewskiego-w-olsztynie-05-06-04-2025\/\"},\"wordCount\":1512,\"commentCount\":0,\"publisher\":{\"@id\":\"https:\/\/modelarzeolsztyn.pl\/#organization\"},\"image\":{\"@id\":\"https:\/\/modelarzeolsztyn.pl\/index.php\/2025\/03\/09\/xiv-festiwal-kultury-modelarskiej-z-v-memorialem-plut-pil-lecha-dunajewskiego-w-olsztynie-05-06-04-2025\/#primaryimage\"},\"thumbnailUrl\":\"https:\/\/modelarzeolsztyn.pl\/wp-content\/uploads\/2023\/02\/logo1.jpg\",\"articleSection\":[\"Konkursy\",\"Wydarzenia oko\u0142omodelarskie\"],\"inLanguage\":\"pl-PL\",\"potentialAction\":[{\"@type\":\"CommentAction\",\"name\":\"Comment\",\"target\":[\"https:\/\/modelarzeolsztyn.pl\/index.php\/2025\/03\/09\/xiv-festiwal-kultury-modelarskiej-z-v-memorialem-plut-pil-lecha-dunajewskiego-w-olsztynie-05-06-04-2025\/#respond\"]}]},{\"@type\":\"WebPage\",\"@id\":\"https:\/\/modelarzeolsztyn.pl\/index.php\/2025\/03\/09\/xiv-festiwal-kultury-modelarskiej-z-v-memorialem-plut-pil-lecha-dunajewskiego-w-olsztynie-05-06-04-2025\/\",\"url\":\"https:\/\/modelarzeolsztyn.pl\/index.php\/2025\/03\/09\/xiv-festiwal-kultury-modelarskiej-z-v-memorialem-plut-pil-lecha-dunajewskiego-w-olsztynie-05-06-04-2025\/\",\"name\":\"XIV Festiwal Kultury Modelarskiej z V Memoria\u0142em plut. pil. Lecha Dunajewskiego w Olsztynie, 05-06.04.2025 - Olszty\u0144skie Stowarzyszenie Modelarzy &quot;Warmia&quot;\",\"isPartOf\":{\"@id\":\"https:\/\/modelarzeolsztyn.pl\/#website\"},\"primaryImageOfPage\":{\"@id\":\"https:\/\/modelarzeolsztyn.pl\/index.php\/2025\/03\/09\/xiv-festiwal-kultury-modelarskiej-z-v-memorialem-plut-pil-lecha-dunajewskiego-w-olsztynie-05-06-04-2025\/#primaryimage\"},\"image\":{\"@id\":\"https:\/\/modelarzeolsztyn.pl\/index.php\/2025\/03\/09\/xiv-festiwal-kultury-modelarskiej-z-v-memorialem-plut-pil-lecha-dunajewskiego-w-olsztynie-05-06-04-2025\/#primaryimage\"},\"thumbnailUrl\":\"https:\/\/modelarzeolsztyn.pl\/wp-content\/uploads\/2023\/02\/logo1.jpg\",\"datePublished\":\"2025-03-09T14:58:42+00:00\",\"dateModified\":\"2025-03-09T14:58:44+00:00\",\"breadcrumb\":{\"@id\":\"https:\/\/modelarzeolsztyn.pl\/index.php\/2025\/03\/09\/xiv-festiwal-kultury-modelarskiej-z-v-memorialem-plut-pil-lecha-dunajewskiego-w-olsztynie-05-06-04-2025\/#breadcrumb\"},\"inLanguage\":\"pl-PL\",\"potentialAction\":[{\"@type\":\"ReadAction\",\"target\":[\"https:\/\/modelarzeolsztyn.pl\/index.php\/2025\/03\/09\/xiv-festiwal-kultury-modelarskiej-z-v-memorialem-plut-pil-lecha-dunajewskiego-w-olsztynie-05-06-04-2025\/\"]}]},{\"@type\":\"ImageObject\",\"inLanguage\":\"pl-PL\",\"@id\":\"https:\/\/modelarzeolsztyn.pl\/index.php\/2025\/03\/09\/xiv-festiwal-kultury-modelarskiej-z-v-memorialem-plut-pil-lecha-dunajewskiego-w-olsztynie-05-06-04-2025\/#primaryimage\",\"url\":\"https:\/\/modelarzeolsztyn.pl\/wp-content\/uploads\/2023\/02\/logo1.jpg\",\"contentUrl\":\"https:\/\/modelarzeolsztyn.pl\/wp-content\/uploads\/2023\/02\/logo1.jpg\",\"width\":413,\"height\":413},{\"@type\":\"BreadcrumbList\",\"@id\":\"https:\/\/modelarzeolsztyn.pl\/index.php\/2025\/03\/09\/xiv-festiwal-kultury-modelarskiej-z-v-memorialem-plut-pil-lecha-dunajewskiego-w-olsztynie-05-06-04-2025\/#breadcrumb\",\"itemListElement\":[{\"@type\":\"ListItem\",\"position\":1,\"name\":\"Strona g\u0142\u00f3wna\",\"item\":\"https:\/\/modelarzeolsztyn.pl\/\"},{\"@type\":\"ListItem\",\"position\":2,\"name\":\"XIV Festiwal Kultury Modelarskiej z V Memoria\u0142em plut. pil. Lecha Dunajewskiego w Olsztynie, 05-06.04.2025\"}]},{\"@type\":\"WebSite\",\"@id\":\"https:\/\/modelarzeolsztyn.pl\/#website\",\"url\":\"https:\/\/modelarzeolsztyn.pl\/\",\"name\":\"Olszty\u0144skie Stowarzyszenie Modelarzy &quot;Warmia&quot;\",\"description\":\"Witryna stowarzyszenia zapale\u0144c\u00f3w modelarskich z Olsztyna i okolic\",\"publisher\":{\"@id\":\"https:\/\/modelarzeolsztyn.pl\/#organization\"},\"potentialAction\":[{\"@type\":\"SearchAction\",\"target\":{\"@type\":\"EntryPoint\",\"urlTemplate\":\"https:\/\/modelarzeolsztyn.pl\/?s={search_term_string}\"},\"query-input\":{\"@type\":\"PropertyValueSpecification\",\"valueRequired\":true,\"valueName\":\"search_term_string\"}}],\"inLanguage\":\"pl-PL\"},{\"@type\":\"Organization\",\"@id\":\"https:\/\/modelarzeolsztyn.pl\/#organization\",\"name\":\"Olszty\u0144skie Stowarzyszenie Modelarzy \\\"Warmia\\\"\",\"url\":\"https:\/\/modelarzeolsztyn.pl\/\",\"logo\":{\"@type\":\"ImageObject\",\"inLanguage\":\"pl-PL\",\"@id\":\"https:\/\/modelarzeolsztyn.pl\/#\/schema\/logo\/image\/\",\"url\":\"https:\/\/modelarzeolsztyn.pl\/wp-content\/uploads\/2017\/08\/cropped-logoprzez.png\",\"contentUrl\":\"https:\/\/modelarzeolsztyn.pl\/wp-content\/uploads\/2017\/08\/cropped-logoprzez.png\",\"width\":512,\"height\":512,\"caption\":\"Olszty\u0144skie Stowarzyszenie Modelarzy \\\"Warmia\\\"\"},\"image\":{\"@id\":\"https:\/\/modelarzeolsztyn.pl\/#\/schema\/logo\/image\/\"},\"sameAs\":[\"https:\/\/www.facebook.com\/Olszty\u0144skie-Stowarzyszenie-Modelarzy-Warmia-1049089618478093\/\"]},{\"@type\":\"Person\",\"@id\":\"https:\/\/modelarzeolsztyn.pl\/#\/schema\/person\/c62f133d440e75d3fe3eda0ea7f064d8\",\"name\":\"xychu\",\"image\":{\"@type\":\"ImageObject\",\"inLanguage\":\"pl-PL\",\"@id\":\"https:\/\/modelarzeolsztyn.pl\/#\/schema\/person\/image\/\",\"url\":\"https:\/\/secure.gravatar.com\/avatar\/e82a7c048d8e8fab01975bc0c6ef7565?s=96&d=mm&r=g\",\"contentUrl\":\"https:\/\/secure.gravatar.com\/avatar\/e82a7c048d8e8fab01975bc0c6ef7565?s=96&d=mm&r=g\",\"caption\":\"xychu\"}}]}<\/script>\n<!-- \/ Yoast SEO plugin. -->","yoast_head_json":{"title":"XIV Festiwal Kultury Modelarskiej z V Memoria\u0142em plut. pil. Lecha Dunajewskiego w Olsztynie, 05-06.04.2025 - Olszty\u0144skie Stowarzyszenie Modelarzy &quot;Warmia&quot;","robots":{"index":"index","follow":"follow","max-snippet":"max-snippet:-1","max-image-preview":"max-image-preview:large","max-video-preview":"max-video-preview:-1"},"canonical":"https:\/\/modelarzeolsztyn.pl\/index.php\/2025\/03\/09\/xiv-festiwal-kultury-modelarskiej-z-v-memorialem-plut-pil-lecha-dunajewskiego-w-olsztynie-05-06-04-2025\/","og_locale":"pl_PL","og_type":"article","og_title":"XIV Festiwal Kultury Modelarskiej z V Memoria\u0142em plut. pil. Lecha Dunajewskiego w Olsztynie, 05-06.04.2025 - Olszty\u0144skie Stowarzyszenie Modelarzy &quot;Warmia&quot;","og_description":"Organizatorzy G\u0142\u00f3wnym organizatorem jest Olszty\u0144skie Stowarzyszenie Modelarzy \u201eWarmia\u201d we wsp\u00f3\u0142pracy z Miejskim O\u015brodkiem Kultury, Szko\u0142\u0105 Podstawow\u0105 nr 2 im. J.D\u0105browskiego w Olsztynie oraz Pa\u0142acem M\u0142odzie\u017cy w Olsztynie. Miejsce Festiwalu: Muzeum Nowoczesno\u015bci, ul. Ryszarda Knosa\u0142y 3B, 10-010 Olsztyn Zasady oceny zg\u0142oszonych modeli: S\u0119dzia G\u0142\u00f3wny jest powo\u0142ywany przez Organizator\u00f3w przed konkursem. S\u0119dzia G\u0142\u00f3wny powo\u0142uje komisje s\u0119dziowskie doWi\u0119cej oXIV Festiwal Kultury Modelarskiej z V Memoria\u0142em plut. pil. Lecha Dunajewskiego w Olsztynie, 05-06.04.2025[...]","og_url":"https:\/\/modelarzeolsztyn.pl\/index.php\/2025\/03\/09\/xiv-festiwal-kultury-modelarskiej-z-v-memorialem-plut-pil-lecha-dunajewskiego-w-olsztynie-05-06-04-2025\/","og_site_name":"Olszty\u0144skie Stowarzyszenie Modelarzy &quot;Warmia&quot;","article_publisher":"https:\/\/www.facebook.com\/Olszty%c5%84skie-Stowarzyszenie-Modelarzy-Warmia-1049089618478093\/","article_published_time":"2025-03-09T14:58:42+00:00","article_modified_time":"2025-03-09T14:58:44+00:00","og_image":[{"width":413,"height":413,"url":"https:\/\/modelarzeolsztyn.pl\/wp-content\/uploads\/2023\/02\/logo1.jpg","type":"image\/jpeg"}],"author":"xychu","twitter_card":"summary_large_image","twitter_misc":{"Napisane przez":"xychu","Szacowany czas czytania":"9 minut"},"schema":{"@context":"https:\/\/schema.org","@graph":[{"@type":"Article","@id":"https:\/\/modelarzeolsztyn.pl\/index.php\/2025\/03\/09\/xiv-festiwal-kultury-modelarskiej-z-v-memorialem-plut-pil-lecha-dunajewskiego-w-olsztynie-05-06-04-2025\/#article","isPartOf":{"@id":"https:\/\/modelarzeolsztyn.pl\/index.php\/2025\/03\/09\/xiv-festiwal-kultury-modelarskiej-z-v-memorialem-plut-pil-lecha-dunajewskiego-w-olsztynie-05-06-04-2025\/"},"author":{"name":"xychu","@id":"https:\/\/modelarzeolsztyn.pl\/#\/schema\/person\/c62f133d440e75d3fe3eda0ea7f064d8"},"headline":"XIV Festiwal Kultury Modelarskiej z V Memoria\u0142em plut. pil. Lecha Dunajewskiego w Olsztynie, 05-06.04.2025","datePublished":"2025-03-09T14:58:42+00:00","dateModified":"2025-03-09T14:58:44+00:00","mainEntityOfPage":{"@id":"https:\/\/modelarzeolsztyn.pl\/index.php\/2025\/03\/09\/xiv-festiwal-kultury-modelarskiej-z-v-memorialem-plut-pil-lecha-dunajewskiego-w-olsztynie-05-06-04-2025\/"},"wordCount":1512,"commentCount":0,"publisher":{"@id":"https:\/\/modelarzeolsztyn.pl\/#organization"},"image":{"@id":"https:\/\/modelarzeolsztyn.pl\/index.php\/2025\/03\/09\/xiv-festiwal-kultury-modelarskiej-z-v-memorialem-plut-pil-lecha-dunajewskiego-w-olsztynie-05-06-04-2025\/#primaryimage"},"thumbnailUrl":"https:\/\/modelarzeolsztyn.pl\/wp-content\/uploads\/2023\/02\/logo1.jpg","articleSection":["Konkursy","Wydarzenia oko\u0142omodelarskie"],"inLanguage":"pl-PL","potentialAction":[{"@type":"CommentAction","name":"Comment","target":["https:\/\/modelarzeolsztyn.pl\/index.php\/2025\/03\/09\/xiv-festiwal-kultury-modelarskiej-z-v-memorialem-plut-pil-lecha-dunajewskiego-w-olsztynie-05-06-04-2025\/#respond"]}]},{"@type":"WebPage","@id":"https:\/\/modelarzeolsztyn.pl\/index.php\/2025\/03\/09\/xiv-festiwal-kultury-modelarskiej-z-v-memorialem-plut-pil-lecha-dunajewskiego-w-olsztynie-05-06-04-2025\/","url":"https:\/\/modelarzeolsztyn.pl\/index.php\/2025\/03\/09\/xiv-festiwal-kultury-modelarskiej-z-v-memorialem-plut-pil-lecha-dunajewskiego-w-olsztynie-05-06-04-2025\/","name":"XIV Festiwal Kultury Modelarskiej z V Memoria\u0142em plut. pil. Lecha Dunajewskiego w Olsztynie, 05-06.04.2025 - Olszty\u0144skie Stowarzyszenie Modelarzy &quot;Warmia&quot;","isPartOf":{"@id":"https:\/\/modelarzeolsztyn.pl\/#website"},"primaryImageOfPage":{"@id":"https:\/\/modelarzeolsztyn.pl\/index.php\/2025\/03\/09\/xiv-festiwal-kultury-modelarskiej-z-v-memorialem-plut-pil-lecha-dunajewskiego-w-olsztynie-05-06-04-2025\/#primaryimage"},"image":{"@id":"https:\/\/modelarzeolsztyn.pl\/index.php\/2025\/03\/09\/xiv-festiwal-kultury-modelarskiej-z-v-memorialem-plut-pil-lecha-dunajewskiego-w-olsztynie-05-06-04-2025\/#primaryimage"},"thumbnailUrl":"https:\/\/modelarzeolsztyn.pl\/wp-content\/uploads\/2023\/02\/logo1.jpg","datePublished":"2025-03-09T14:58:42+00:00","dateModified":"2025-03-09T14:58:44+00:00","breadcrumb":{"@id":"https:\/\/modelarzeolsztyn.pl\/index.php\/2025\/03\/09\/xiv-festiwal-kultury-modelarskiej-z-v-memorialem-plut-pil-lecha-dunajewskiego-w-olsztynie-05-06-04-2025\/#breadcrumb"},"inLanguage":"pl-PL","potentialAction":[{"@type":"ReadAction","target":["https:\/\/modelarzeolsztyn.pl\/index.php\/2025\/03\/09\/xiv-festiwal-kultury-modelarskiej-z-v-memorialem-plut-pil-lecha-dunajewskiego-w-olsztynie-05-06-04-2025\/"]}]},{"@type":"ImageObject","inLanguage":"pl-PL","@id":"https:\/\/modelarzeolsztyn.pl\/index.php\/2025\/03\/09\/xiv-festiwal-kultury-modelarskiej-z-v-memorialem-plut-pil-lecha-dunajewskiego-w-olsztynie-05-06-04-2025\/#primaryimage","url":"https:\/\/modelarzeolsztyn.pl\/wp-content\/uploads\/2023\/02\/logo1.jpg","contentUrl":"https:\/\/modelarzeolsztyn.pl\/wp-content\/uploads\/2023\/02\/logo1.jpg","width":413,"height":413},{"@type":"BreadcrumbList","@id":"https:\/\/modelarzeolsztyn.pl\/index.php\/2025\/03\/09\/xiv-festiwal-kultury-modelarskiej-z-v-memorialem-plut-pil-lecha-dunajewskiego-w-olsztynie-05-06-04-2025\/#breadcrumb","itemListElement":[{"@type":"ListItem","position":1,"name":"Strona g\u0142\u00f3wna","item":"https:\/\/modelarzeolsztyn.pl\/"},{"@type":"ListItem","position":2,"name":"XIV Festiwal Kultury Modelarskiej z V Memoria\u0142em plut. pil. Lecha Dunajewskiego w Olsztynie, 05-06.04.2025"}]},{"@type":"WebSite","@id":"https:\/\/modelarzeolsztyn.pl\/#website","url":"https:\/\/modelarzeolsztyn.pl\/","name":"Olszty\u0144skie Stowarzyszenie Modelarzy &quot;Warmia&quot;","description":"Witryna stowarzyszenia zapale\u0144c\u00f3w modelarskich z Olsztyna i okolic","publisher":{"@id":"https:\/\/modelarzeolsztyn.pl\/#organization"},"potentialAction":[{"@type":"SearchAction","target":{"@type":"EntryPoint","urlTemplate":"https:\/\/modelarzeolsztyn.pl\/?s={search_term_string}"},"query-input":{"@type":"PropertyValueSpecification","valueRequired":true,"valueName":"search_term_string"}}],"inLanguage":"pl-PL"},{"@type":"Organization","@id":"https:\/\/modelarzeolsztyn.pl\/#organization","name":"Olszty\u0144skie Stowarzyszenie Modelarzy \"Warmia\"","url":"https:\/\/modelarzeolsztyn.pl\/","logo":{"@type":"ImageObject","inLanguage":"pl-PL","@id":"https:\/\/modelarzeolsztyn.pl\/#\/schema\/logo\/image\/","url":"https:\/\/modelarzeolsztyn.pl\/wp-content\/uploads\/2017\/08\/cropped-logoprzez.png","contentUrl":"https:\/\/modelarzeolsztyn.pl\/wp-content\/uploads\/2017\/08\/cropped-logoprzez.png","width":512,"height":512,"caption":"Olszty\u0144skie Stowarzyszenie Modelarzy \"Warmia\""},"image":{"@id":"https:\/\/modelarzeolsztyn.pl\/#\/schema\/logo\/image\/"},"sameAs":["https:\/\/www.facebook.com\/Olszty\u0144skie-Stowarzyszenie-Modelarzy-Warmia-1049089618478093\/"]},{"@type":"Person","@id":"https:\/\/modelarzeolsztyn.pl\/#\/schema\/person\/c62f133d440e75d3fe3eda0ea7f064d8","name":"xychu","image":{"@type":"ImageObject","inLanguage":"pl-PL","@id":"https:\/\/modelarzeolsztyn.pl\/#\/schema\/person\/image\/","url":"https:\/\/secure.gravatar.com\/avatar\/e82a7c048d8e8fab01975bc0c6ef7565?s=96&d=mm&r=g","contentUrl":"https:\/\/secure.gravatar.com\/avatar\/e82a7c048d8e8fab01975bc0c6ef7565?s=96&d=mm&r=g","caption":"xychu"}}]}},"_links":{"self":[{"href":"https:\/\/modelarzeolsztyn.pl\/index.php\/wp-json\/wp\/v2\/posts\/2059"}],"collection":[{"href":"https:\/\/modelarzeolsztyn.pl\/index.php\/wp-json\/wp\/v2\/posts"}],"about":[{"href":"https:\/\/modelarzeolsztyn.pl\/index.php\/wp-json\/wp\/v2\/types\/post"}],"author":[{"embeddable":true,"href":"https:\/\/modelarzeolsztyn.pl\/index.php\/wp-json\/wp\/v2\/users\/1"}],"replies":[{"embeddable":true,"href":"https:\/\/modelarzeolsztyn.pl\/index.php\/wp-json\/wp\/v2\/comments?post=2059"}],"version-history":[{"count":1,"href":"https:\/\/modelarzeolsztyn.pl\/index.php\/wp-json\/wp\/v2\/posts\/2059\/revisions"}],"predecessor-version":[{"id":2060,"href":"https:\/\/modelarzeolsztyn.pl\/index.php\/wp-json\/wp\/v2\/posts\/2059\/revisions\/2060"}],"wp:featuredmedia":[{"embeddable":true,"href":"https:\/\/modelarzeolsztyn.pl\/index.php\/wp-json\/wp\/v2\/media\/1864"}],"wp:attachment":[{"href":"https:\/\/modelarzeolsztyn.pl\/index.php\/wp-json\/wp\/v2\/media?parent=2059"}],"wp:term":[{"taxonomy":"category","embeddable":true,"href":"https:\/\/modelarzeolsztyn.pl\/index.php\/wp-json\/wp\/v2\/categories?post=2059"},{"taxonomy":"post_tag","embeddable":true,"href":"https:\/\/modelarzeolsztyn.pl\/index.php\/wp-json\/wp\/v2\/tags?post=2059"}],"curies":[{"name":"wp","href":"https:\/\/api.w.org\/{rel}","templated":true}]}}