{"id":2061,"date":"2025-03-10T19:37:57","date_gmt":"2025-03-10T18:37:57","guid":{"rendered":"https:\/\/modelarzeolsztyn.pl\/?p=2061"},"modified":"2025-04-06T19:52:27","modified_gmt":"2025-04-06T17:52:27","slug":"zapisy-na-14-olsztynski-festiwal-kultury-modelarskiej","status":"publish","type":"post","link":"https:\/\/modelarzeolsztyn.pl\/index.php\/2025\/03\/10\/zapisy-na-14-olsztynski-festiwal-kultury-modelarskiej\/","title":{"rendered":"Zapisy na 14 Olszty\u0144ski Festiwal Kultury Modelarskiej"},"content":{"rendered":"\n<p>W\u0142a\u015bnie uruchomili\u015bmy zapisy na nasz Festiwal.<\/p>\n\n\n\n<p>Zapisy trwaj\u0105 do p\u00f3\u0142nocy 03.04.2025. Prosz\u0119 nie zostawia\u0107 tego na ostatni\u0105 chwil\u0119, cho\u0107 i tak wiemy, \u017ce nasze apele nie bardzo dzia\u0142aj\u0105 \ud83d\ude42<\/p>\n\n\n\n<p>Link do zapis\u00f3w: <\/p>\n\n\n\n<p><a href=\"https:\/\/modelarzeolsztyn.pl\/zapisy14\">https:\/\/modelarzeolsztyn.pl\/zapisy14<\/a><\/p>\n\n\n\n<p>Regulamin dost\u0119pny poni\u017cej: <\/p>\n\n\n\n<p><a href=\"https:\/\/modelarzeolsztyn.pl\/index.php\/2025\/03\/09\/xiv-festiwal-kultury-modelarskiej-z-v-memorialem-plut-pil-lecha-dunajewskiego-w-olsztynie-05-06-04-2025\/\" target=\"_blank\" rel=\"noreferrer noopener\">https:\/\/modelarzeolsztyn.pl\/index.php\/2025\/03\/09\/xiv-festiwal-kultury-modelarskiej-z-v-memorialem-plut-pil-lecha-dunajewskiego-w-olsztynie-05-06-04-2025\/<\/a><\/p>\n\n\n\n<p><strong>Uwaga: uczestnictwo w Festiwalu zwi\u0105zane jest z wp\u0142at\u0105 darowizny na dzia\u0142alno\u015b\u0107 Olszty\u0144skiego Stowarzyszenia Modelarzy \u201eWarmia\u201d.<br>Wysoko\u015b\u0107 darowizny dla seniora to 20 z\u0142, dla juniora 10 z\u0142.<br>(Darowizna nie zale\u017cy od liczby wystawianych modeli). Uczestnicy w kategorii wiekowej m\u0142odzik nie wp\u0142acaj\u0105 darowizny.<br>Wp\u0142at\u0119 prosimy kierowa\u0107 na nr konta bankowego 77 1090 2590 0000 0001 3388 3540 z dopiskiem \u201eDarowizna na Festiwal 2025\u201d oraz imieniem i nazwiskiem zawodnika.<br>Wp\u0142ata powinna zosta\u0107 dokonana w terminie umo\u017cliwiaj\u0105cym jej zaksi\u0119gowanie przez bank Organizatora.<br>W razie gdyby przelew by\u0142 dokonany &#8222;na ostatni\u0105 chwil\u0119&#8221; prosimy o zabranie<br>ze sob\u0105 potwierdzenia wykonania przelewu.<\/strong><\/p>\n\n\n\n<p>ZAPRASZAMY!<\/p>\n","protected":false},"excerpt":{"rendered":"<p>W\u0142a\u015bnie uruchomili\u015bmy zapisy na nasz Festiwal. Zapisy trwaj\u0105 do p\u00f3\u0142nocy 03.04.2025. Prosz\u0119 nie zostawia\u0107 tego na ostatni\u0105 chwil\u0119, cho\u0107 i tak wiemy, \u017ce nasze apele nie bardzo dzia\u0142aj\u0105 \ud83d\ude42 Link do zapis\u00f3w: https:\/\/modelarzeolsztyn.pl\/zapisy14 Regulamin dost\u0119pny poni\u017cej: https:\/\/modelarzeolsztyn.pl\/index.php\/2025\/03\/09\/xiv-festiwal-kultury-modelarskiej-z-v-memorialem-plut-pil-lecha-dunajewskiego-w-olsztynie-05-06-04-2025\/ Uwaga: uczestnictwo w Festiwalu zwi\u0105zane jest z wp\u0142at\u0105 darowizny na dzia\u0142alno\u015b\u0107 Olszty\u0144skiego Stowarzyszenia Modelarzy \u201eWarmia\u201d.Wysoko\u015b\u0107 darowizny dla seniora<a class=\"moretag\" href=\"https:\/\/modelarzeolsztyn.pl\/index.php\/2025\/03\/10\/zapisy-na-14-olsztynski-festiwal-kultury-modelarskiej\/\"><span class=\"screen-reader-text\">Wi\u0119cej oZapisy na 14 Olszty\u0144ski Festiwal Kultury Modelarskiej<\/span>[&#8230;]<\/a><\/p>\n","protected":false},"author":1,"featured_media":1981,"comment_status":"open","ping_status":"open","sticky":false,"template":"","format":"standard","meta":{"footnotes":""},"categories":[4,5],"tags":[],"yoast_head":"<!-- This site is optimized with the Yoast SEO plugin v24.5 - https:\/\/yoast.com\/wordpress\/plugins\/seo\/ -->\n<title>Zapisy na 14 Olszty\u0144ski Festiwal Kultury Modelarskiej - Olszty\u0144skie Stowarzyszenie Modelarzy &quot;Warmia&quot;<\/title>\n<meta name=\"robots\" content=\"index, follow, max-snippet:-1, max-image-preview:large, max-video-preview:-1\" \/>\n<link rel=\"canonical\" href=\"https:\/\/modelarzeolsztyn.pl\/index.php\/2025\/03\/10\/zapisy-na-14-olsztynski-festiwal-kultury-modelarskiej\/\" \/>\n<meta property=\"og:locale\" content=\"pl_PL\" \/>\n<meta property=\"og:type\" content=\"article\" \/>\n<meta property=\"og:title\" content=\"Zapisy na 14 Olszty\u0144ski Festiwal Kultury Modelarskiej - Olszty\u0144skie Stowarzyszenie Modelarzy &quot;Warmia&quot;\" \/>\n<meta property=\"og:description\" content=\"W\u0142a\u015bnie uruchomili\u015bmy zapisy na nasz Festiwal. Zapisy trwaj\u0105 do p\u00f3\u0142nocy 03.04.2025. Prosz\u0119 nie zostawia\u0107 tego na ostatni\u0105 chwil\u0119, cho\u0107 i tak wiemy, \u017ce nasze apele nie bardzo dzia\u0142aj\u0105 \ud83d\ude42 Link do zapis\u00f3w: https:\/\/modelarzeolsztyn.pl\/zapisy14 Regulamin dost\u0119pny poni\u017cej: https:\/\/modelarzeolsztyn.pl\/index.php\/2025\/03\/09\/xiv-festiwal-kultury-modelarskiej-z-v-memorialem-plut-pil-lecha-dunajewskiego-w-olsztynie-05-06-04-2025\/ Uwaga: uczestnictwo w Festiwalu zwi\u0105zane jest z wp\u0142at\u0105 darowizny na dzia\u0142alno\u015b\u0107 Olszty\u0144skiego Stowarzyszenia Modelarzy \u201eWarmia\u201d.Wysoko\u015b\u0107 darowizny dla senioraWi\u0119cej oZapisy na 14 Olszty\u0144ski Festiwal Kultury Modelarskiej[...]\" \/>\n<meta property=\"og:url\" content=\"https:\/\/modelarzeolsztyn.pl\/index.php\/2025\/03\/10\/zapisy-na-14-olsztynski-festiwal-kultury-modelarskiej\/\" \/>\n<meta property=\"og:site_name\" content=\"Olszty\u0144skie Stowarzyszenie Modelarzy &quot;Warmia&quot;\" \/>\n<meta property=\"article:publisher\" content=\"https:\/\/www.facebook.com\/Olszty%c5%84skie-Stowarzyszenie-Modelarzy-Warmia-1049089618478093\/\" \/>\n<meta property=\"article:published_time\" content=\"2025-03-10T18:37:57+00:00\" \/>\n<meta property=\"article:modified_time\" content=\"2025-04-06T17:52:27+00:00\" \/>\n<meta property=\"og:image\" content=\"https:\/\/modelarzeolsztyn.pl\/wp-content\/uploads\/2024\/03\/zapisy.png\" \/>\n\t<meta property=\"og:image:width\" content=\"400\" \/>\n\t<meta property=\"og:image:height\" content=\"320\" \/>\n\t<meta property=\"og:image:type\" content=\"image\/png\" \/>\n<meta name=\"author\" content=\"xychu\" \/>\n<meta name=\"twitter:card\" content=\"summary_large_image\" \/>\n<meta name=\"twitter:label1\" content=\"Napisane przez\" \/>\n\t<meta name=\"twitter:data1\" content=\"xychu\" \/>\n\t<meta name=\"twitter:label2\" content=\"Szacowany czas czytania\" \/>\n\t<meta name=\"twitter:data2\" content=\"1 minuta\" \/>\n<script type=\"application\/ld+json\" class=\"yoast-schema-graph\">{\"@context\":\"https:\/\/schema.org\",\"@graph\":[{\"@type\":\"Article\",\"@id\":\"https:\/\/modelarzeolsztyn.pl\/index.php\/2025\/03\/10\/zapisy-na-14-olsztynski-festiwal-kultury-modelarskiej\/#article\",\"isPartOf\":{\"@id\":\"https:\/\/modelarzeolsztyn.pl\/index.php\/2025\/03\/10\/zapisy-na-14-olsztynski-festiwal-kultury-modelarskiej\/\"},\"author\":{\"name\":\"xychu\",\"@id\":\"https:\/\/modelarzeolsztyn.pl\/#\/schema\/person\/c62f133d440e75d3fe3eda0ea7f064d8\"},\"headline\":\"Zapisy na 14 Olszty\u0144ski Festiwal Kultury Modelarskiej\",\"datePublished\":\"2025-03-10T18:37:57+00:00\",\"dateModified\":\"2025-04-06T17:52:27+00:00\",\"mainEntityOfPage\":{\"@id\":\"https:\/\/modelarzeolsztyn.pl\/index.php\/2025\/03\/10\/zapisy-na-14-olsztynski-festiwal-kultury-modelarskiej\/\"},\"wordCount\":158,\"commentCount\":0,\"publisher\":{\"@id\":\"https:\/\/modelarzeolsztyn.pl\/#organization\"},\"image\":{\"@id\":\"https:\/\/modelarzeolsztyn.pl\/index.php\/2025\/03\/10\/zapisy-na-14-olsztynski-festiwal-kultury-modelarskiej\/#primaryimage\"},\"thumbnailUrl\":\"https:\/\/modelarzeolsztyn.pl\/wp-content\/uploads\/2024\/03\/zapisy.png\",\"articleSection\":[\"Konkursy\",\"Wydarzenia oko\u0142omodelarskie\"],\"inLanguage\":\"pl-PL\",\"potentialAction\":[{\"@type\":\"CommentAction\",\"name\":\"Comment\",\"target\":[\"https:\/\/modelarzeolsztyn.pl\/index.php\/2025\/03\/10\/zapisy-na-14-olsztynski-festiwal-kultury-modelarskiej\/#respond\"]}]},{\"@type\":\"WebPage\",\"@id\":\"https:\/\/modelarzeolsztyn.pl\/index.php\/2025\/03\/10\/zapisy-na-14-olsztynski-festiwal-kultury-modelarskiej\/\",\"url\":\"https:\/\/modelarzeolsztyn.pl\/index.php\/2025\/03\/10\/zapisy-na-14-olsztynski-festiwal-kultury-modelarskiej\/\",\"name\":\"Zapisy na 14 Olszty\u0144ski Festiwal Kultury Modelarskiej - Olszty\u0144skie Stowarzyszenie Modelarzy &quot;Warmia&quot;\",\"isPartOf\":{\"@id\":\"https:\/\/modelarzeolsztyn.pl\/#website\"},\"primaryImageOfPage\":{\"@id\":\"https:\/\/modelarzeolsztyn.pl\/index.php\/2025\/03\/10\/zapisy-na-14-olsztynski-festiwal-kultury-modelarskiej\/#primaryimage\"},\"image\":{\"@id\":\"https:\/\/modelarzeolsztyn.pl\/index.php\/2025\/03\/10\/zapisy-na-14-olsztynski-festiwal-kultury-modelarskiej\/#primaryimage\"},\"thumbnailUrl\":\"https:\/\/modelarzeolsztyn.pl\/wp-content\/uploads\/2024\/03\/zapisy.png\",\"datePublished\":\"2025-03-10T18:37:57+00:00\",\"dateModified\":\"2025-04-06T17:52:27+00:00\",\"breadcrumb\":{\"@id\":\"https:\/\/modelarzeolsztyn.pl\/index.php\/2025\/03\/10\/zapisy-na-14-olsztynski-festiwal-kultury-modelarskiej\/#breadcrumb\"},\"inLanguage\":\"pl-PL\",\"potentialAction\":[{\"@type\":\"ReadAction\",\"target\":[\"https:\/\/modelarzeolsztyn.pl\/index.php\/2025\/03\/10\/zapisy-na-14-olsztynski-festiwal-kultury-modelarskiej\/\"]}]},{\"@type\":\"ImageObject\",\"inLanguage\":\"pl-PL\",\"@id\":\"https:\/\/modelarzeolsztyn.pl\/index.php\/2025\/03\/10\/zapisy-na-14-olsztynski-festiwal-kultury-modelarskiej\/#primaryimage\",\"url\":\"https:\/\/modelarzeolsztyn.pl\/wp-content\/uploads\/2024\/03\/zapisy.png\",\"contentUrl\":\"https:\/\/modelarzeolsztyn.pl\/wp-content\/uploads\/2024\/03\/zapisy.png\",\"width\":400,\"height\":320},{\"@type\":\"BreadcrumbList\",\"@id\":\"https:\/\/modelarzeolsztyn.pl\/index.php\/2025\/03\/10\/zapisy-na-14-olsztynski-festiwal-kultury-modelarskiej\/#breadcrumb\",\"itemListElement\":[{\"@type\":\"ListItem\",\"position\":1,\"name\":\"Strona g\u0142\u00f3wna\",\"item\":\"https:\/\/modelarzeolsztyn.pl\/\"},{\"@type\":\"ListItem\",\"position\":2,\"name\":\"Zapisy na 14 Olszty\u0144ski Festiwal Kultury Modelarskiej\"}]},{\"@type\":\"WebSite\",\"@id\":\"https:\/\/modelarzeolsztyn.pl\/#website\",\"url\":\"https:\/\/modelarzeolsztyn.pl\/\",\"name\":\"Olszty\u0144skie Stowarzyszenie Modelarzy &quot;Warmia&quot;\",\"description\":\"Witryna stowarzyszenia zapale\u0144c\u00f3w modelarskich z Olsztyna i okolic\",\"publisher\":{\"@id\":\"https:\/\/modelarzeolsztyn.pl\/#organization\"},\"potentialAction\":[{\"@type\":\"SearchAction\",\"target\":{\"@type\":\"EntryPoint\",\"urlTemplate\":\"https:\/\/modelarzeolsztyn.pl\/?s={search_term_string}\"},\"query-input\":{\"@type\":\"PropertyValueSpecification\",\"valueRequired\":true,\"valueName\":\"search_term_string\"}}],\"inLanguage\":\"pl-PL\"},{\"@type\":\"Organization\",\"@id\":\"https:\/\/modelarzeolsztyn.pl\/#organization\",\"name\":\"Olszty\u0144skie Stowarzyszenie Modelarzy \\\"Warmia\\\"\",\"url\":\"https:\/\/modelarzeolsztyn.pl\/\",\"logo\":{\"@type\":\"ImageObject\",\"inLanguage\":\"pl-PL\",\"@id\":\"https:\/\/modelarzeolsztyn.pl\/#\/schema\/logo\/image\/\",\"url\":\"https:\/\/modelarzeolsztyn.pl\/wp-content\/uploads\/2017\/08\/cropped-logoprzez.png\",\"contentUrl\":\"https:\/\/modelarzeolsztyn.pl\/wp-content\/uploads\/2017\/08\/cropped-logoprzez.png\",\"width\":512,\"height\":512,\"caption\":\"Olszty\u0144skie Stowarzyszenie Modelarzy \\\"Warmia\\\"\"},\"image\":{\"@id\":\"https:\/\/modelarzeolsztyn.pl\/#\/schema\/logo\/image\/\"},\"sameAs\":[\"https:\/\/www.facebook.com\/Olszty\u0144skie-Stowarzyszenie-Modelarzy-Warmia-1049089618478093\/\"]},{\"@type\":\"Person\",\"@id\":\"https:\/\/modelarzeolsztyn.pl\/#\/schema\/person\/c62f133d440e75d3fe3eda0ea7f064d8\",\"name\":\"xychu\",\"image\":{\"@type\":\"ImageObject\",\"inLanguage\":\"pl-PL\",\"@id\":\"https:\/\/modelarzeolsztyn.pl\/#\/schema\/person\/image\/\",\"url\":\"https:\/\/secure.gravatar.com\/avatar\/e82a7c048d8e8fab01975bc0c6ef7565?s=96&d=mm&r=g\",\"contentUrl\":\"https:\/\/secure.gravatar.com\/avatar\/e82a7c048d8e8fab01975bc0c6ef7565?s=96&d=mm&r=g\",\"caption\":\"xychu\"}}]}<\/script>\n<!-- \/ Yoast SEO plugin. -->","yoast_head_json":{"title":"Zapisy na 14 Olszty\u0144ski Festiwal Kultury Modelarskiej - Olszty\u0144skie Stowarzyszenie Modelarzy &quot;Warmia&quot;","robots":{"index":"index","follow":"follow","max-snippet":"max-snippet:-1","max-image-preview":"max-image-preview:large","max-video-preview":"max-video-preview:-1"},"canonical":"https:\/\/modelarzeolsztyn.pl\/index.php\/2025\/03\/10\/zapisy-na-14-olsztynski-festiwal-kultury-modelarskiej\/","og_locale":"pl_PL","og_type":"article","og_title":"Zapisy na 14 Olszty\u0144ski Festiwal Kultury Modelarskiej - Olszty\u0144skie Stowarzyszenie Modelarzy &quot;Warmia&quot;","og_description":"W\u0142a\u015bnie uruchomili\u015bmy zapisy na nasz Festiwal. Zapisy trwaj\u0105 do p\u00f3\u0142nocy 03.04.2025. Prosz\u0119 nie zostawia\u0107 tego na ostatni\u0105 chwil\u0119, cho\u0107 i tak wiemy, \u017ce nasze apele nie bardzo dzia\u0142aj\u0105 \ud83d\ude42 Link do zapis\u00f3w: https:\/\/modelarzeolsztyn.pl\/zapisy14 Regulamin dost\u0119pny poni\u017cej: https:\/\/modelarzeolsztyn.pl\/index.php\/2025\/03\/09\/xiv-festiwal-kultury-modelarskiej-z-v-memorialem-plut-pil-lecha-dunajewskiego-w-olsztynie-05-06-04-2025\/ Uwaga: uczestnictwo w Festiwalu zwi\u0105zane jest z wp\u0142at\u0105 darowizny na dzia\u0142alno\u015b\u0107 Olszty\u0144skiego Stowarzyszenia Modelarzy \u201eWarmia\u201d.Wysoko\u015b\u0107 darowizny dla senioraWi\u0119cej oZapisy na 14 Olszty\u0144ski Festiwal Kultury Modelarskiej[...]","og_url":"https:\/\/modelarzeolsztyn.pl\/index.php\/2025\/03\/10\/zapisy-na-14-olsztynski-festiwal-kultury-modelarskiej\/","og_site_name":"Olszty\u0144skie Stowarzyszenie Modelarzy &quot;Warmia&quot;","article_publisher":"https:\/\/www.facebook.com\/Olszty%c5%84skie-Stowarzyszenie-Modelarzy-Warmia-1049089618478093\/","article_published_time":"2025-03-10T18:37:57+00:00","article_modified_time":"2025-04-06T17:52:27+00:00","og_image":[{"width":400,"height":320,"url":"https:\/\/modelarzeolsztyn.pl\/wp-content\/uploads\/2024\/03\/zapisy.png","type":"image\/png"}],"author":"xychu","twitter_card":"summary_large_image","twitter_misc":{"Napisane przez":"xychu","Szacowany czas czytania":"1 minuta"},"schema":{"@context":"https:\/\/schema.org","@graph":[{"@type":"Article","@id":"https:\/\/modelarzeolsztyn.pl\/index.php\/2025\/03\/10\/zapisy-na-14-olsztynski-festiwal-kultury-modelarskiej\/#article","isPartOf":{"@id":"https:\/\/modelarzeolsztyn.pl\/index.php\/2025\/03\/10\/zapisy-na-14-olsztynski-festiwal-kultury-modelarskiej\/"},"author":{"name":"xychu","@id":"https:\/\/modelarzeolsztyn.pl\/#\/schema\/person\/c62f133d440e75d3fe3eda0ea7f064d8"},"headline":"Zapisy na 14 Olszty\u0144ski Festiwal Kultury Modelarskiej","datePublished":"2025-03-10T18:37:57+00:00","dateModified":"2025-04-06T17:52:27+00:00","mainEntityOfPage":{"@id":"https:\/\/modelarzeolsztyn.pl\/index.php\/2025\/03\/10\/zapisy-na-14-olsztynski-festiwal-kultury-modelarskiej\/"},"wordCount":158,"commentCount":0,"publisher":{"@id":"https:\/\/modelarzeolsztyn.pl\/#organization"},"image":{"@id":"https:\/\/modelarzeolsztyn.pl\/index.php\/2025\/03\/10\/zapisy-na-14-olsztynski-festiwal-kultury-modelarskiej\/#primaryimage"},"thumbnailUrl":"https:\/\/modelarzeolsztyn.pl\/wp-content\/uploads\/2024\/03\/zapisy.png","articleSection":["Konkursy","Wydarzenia oko\u0142omodelarskie"],"inLanguage":"pl-PL","potentialAction":[{"@type":"CommentAction","name":"Comment","target":["https:\/\/modelarzeolsztyn.pl\/index.php\/2025\/03\/10\/zapisy-na-14-olsztynski-festiwal-kultury-modelarskiej\/#respond"]}]},{"@type":"WebPage","@id":"https:\/\/modelarzeolsztyn.pl\/index.php\/2025\/03\/10\/zapisy-na-14-olsztynski-festiwal-kultury-modelarskiej\/","url":"https:\/\/modelarzeolsztyn.pl\/index.php\/2025\/03\/10\/zapisy-na-14-olsztynski-festiwal-kultury-modelarskiej\/","name":"Zapisy na 14 Olszty\u0144ski Festiwal Kultury Modelarskiej - Olszty\u0144skie Stowarzyszenie Modelarzy &quot;Warmia&quot;","isPartOf":{"@id":"https:\/\/modelarzeolsztyn.pl\/#website"},"primaryImageOfPage":{"@id":"https:\/\/modelarzeolsztyn.pl\/index.php\/2025\/03\/10\/zapisy-na-14-olsztynski-festiwal-kultury-modelarskiej\/#primaryimage"},"image":{"@id":"https:\/\/modelarzeolsztyn.pl\/index.php\/2025\/03\/10\/zapisy-na-14-olsztynski-festiwal-kultury-modelarskiej\/#primaryimage"},"thumbnailUrl":"https:\/\/modelarzeolsztyn.pl\/wp-content\/uploads\/2024\/03\/zapisy.png","datePublished":"2025-03-10T18:37:57+00:00","dateModified":"2025-04-06T17:52:27+00:00","breadcrumb":{"@id":"https:\/\/modelarzeolsztyn.pl\/index.php\/2025\/03\/10\/zapisy-na-14-olsztynski-festiwal-kultury-modelarskiej\/#breadcrumb"},"inLanguage":"pl-PL","potentialAction":[{"@type":"ReadAction","target":["https:\/\/modelarzeolsztyn.pl\/index.php\/2025\/03\/10\/zapisy-na-14-olsztynski-festiwal-kultury-modelarskiej\/"]}]},{"@type":"ImageObject","inLanguage":"pl-PL","@id":"https:\/\/modelarzeolsztyn.pl\/index.php\/2025\/03\/10\/zapisy-na-14-olsztynski-festiwal-kultury-modelarskiej\/#primaryimage","url":"https:\/\/modelarzeolsztyn.pl\/wp-content\/uploads\/2024\/03\/zapisy.png","contentUrl":"https:\/\/modelarzeolsztyn.pl\/wp-content\/uploads\/2024\/03\/zapisy.png","width":400,"height":320},{"@type":"BreadcrumbList","@id":"https:\/\/modelarzeolsztyn.pl\/index.php\/2025\/03\/10\/zapisy-na-14-olsztynski-festiwal-kultury-modelarskiej\/#breadcrumb","itemListElement":[{"@type":"ListItem","position":1,"name":"Strona g\u0142\u00f3wna","item":"https:\/\/modelarzeolsztyn.pl\/"},{"@type":"ListItem","position":2,"name":"Zapisy na 14 Olszty\u0144ski Festiwal Kultury Modelarskiej"}]},{"@type":"WebSite","@id":"https:\/\/modelarzeolsztyn.pl\/#website","url":"https:\/\/modelarzeolsztyn.pl\/","name":"Olszty\u0144skie Stowarzyszenie Modelarzy &quot;Warmia&quot;","description":"Witryna stowarzyszenia zapale\u0144c\u00f3w modelarskich z Olsztyna i okolic","publisher":{"@id":"https:\/\/modelarzeolsztyn.pl\/#organization"},"potentialAction":[{"@type":"SearchAction","target":{"@type":"EntryPoint","urlTemplate":"https:\/\/modelarzeolsztyn.pl\/?s={search_term_string}"},"query-input":{"@type":"PropertyValueSpecification","valueRequired":true,"valueName":"search_term_string"}}],"inLanguage":"pl-PL"},{"@type":"Organization","@id":"https:\/\/modelarzeolsztyn.pl\/#organization","name":"Olszty\u0144skie Stowarzyszenie Modelarzy \"Warmia\"","url":"https:\/\/modelarzeolsztyn.pl\/","logo":{"@type":"ImageObject","inLanguage":"pl-PL","@id":"https:\/\/modelarzeolsztyn.pl\/#\/schema\/logo\/image\/","url":"https:\/\/modelarzeolsztyn.pl\/wp-content\/uploads\/2017\/08\/cropped-logoprzez.png","contentUrl":"https:\/\/modelarzeolsztyn.pl\/wp-content\/uploads\/2017\/08\/cropped-logoprzez.png","width":512,"height":512,"caption":"Olszty\u0144skie Stowarzyszenie Modelarzy \"Warmia\""},"image":{"@id":"https:\/\/modelarzeolsztyn.pl\/#\/schema\/logo\/image\/"},"sameAs":["https:\/\/www.facebook.com\/Olszty\u0144skie-Stowarzyszenie-Modelarzy-Warmia-1049089618478093\/"]},{"@type":"Person","@id":"https:\/\/modelarzeolsztyn.pl\/#\/schema\/person\/c62f133d440e75d3fe3eda0ea7f064d8","name":"xychu","image":{"@type":"ImageObject","inLanguage":"pl-PL","@id":"https:\/\/modelarzeolsztyn.pl\/#\/schema\/person\/image\/","url":"https:\/\/secure.gravatar.com\/avatar\/e82a7c048d8e8fab01975bc0c6ef7565?s=96&d=mm&r=g","contentUrl":"https:\/\/secure.gravatar.com\/avatar\/e82a7c048d8e8fab01975bc0c6ef7565?s=96&d=mm&r=g","caption":"xychu"}}]}},"_links":{"self":[{"href":"https:\/\/modelarzeolsztyn.pl\/index.php\/wp-json\/wp\/v2\/posts\/2061"}],"collection":[{"href":"https:\/\/modelarzeolsztyn.pl\/index.php\/wp-json\/wp\/v2\/posts"}],"about":[{"href":"https:\/\/modelarzeolsztyn.pl\/index.php\/wp-json\/wp\/v2\/types\/post"}],"author":[{"embeddable":true,"href":"https:\/\/modelarzeolsztyn.pl\/index.php\/wp-json\/wp\/v2\/users\/1"}],"replies":[{"embeddable":true,"href":"https:\/\/modelarzeolsztyn.pl\/index.php\/wp-json\/wp\/v2\/comments?post=2061"}],"version-history":[{"count":4,"href":"https:\/\/modelarzeolsztyn.pl\/index.php\/wp-json\/wp\/v2\/posts\/2061\/revisions"}],"predecessor-version":[{"id":2065,"href":"https:\/\/modelarzeolsztyn.pl\/index.php\/wp-json\/wp\/v2\/posts\/2061\/revisions\/2065"}],"wp:featuredmedia":[{"embeddable":true,"href":"https:\/\/modelarzeolsztyn.pl\/index.php\/wp-json\/wp\/v2\/media\/1981"}],"wp:attachment":[{"href":"https:\/\/modelarzeolsztyn.pl\/index.php\/wp-json\/wp\/v2\/media?parent=2061"}],"wp:term":[{"taxonomy":"category","embeddable":true,"href":"https:\/\/modelarzeolsztyn.pl\/index.php\/wp-json\/wp\/v2\/categories?post=2061"},{"taxonomy":"post_tag","embeddable":true,"href":"https:\/\/modelarzeolsztyn.pl\/index.php\/wp-json\/wp\/v2\/tags?post=2061"}],"curies":[{"name":"wp","href":"https:\/\/api.w.org\/{rel}","templated":true}]}}