{"id":333,"date":"2018-01-07T00:10:09","date_gmt":"2018-01-06T23:10:09","guid":{"rendered":"https:\/\/modelarzeolsztyn.pl\/?p=333"},"modified":"2018-01-07T00:37:36","modified_gmt":"2018-01-06T23:37:36","slug":"333","status":"publish","type":"post","link":"https:\/\/modelarzeolsztyn.pl\/index.php\/2018\/01\/07\/333\/","title":{"rendered":"Do\u0142\u0105cz do nas!"},"content":{"rendered":"<p>Jeste\u015b pe\u0142noletnim praktykuj\u0105cym modelarzem?<br \/>\nA mo\u017ce dopiero chcia\u0142by\u015b rozpocz\u0105\u0107 wypraw\u0119 w fascynuj\u0105cy \u015bwiat modelarstwa?<br \/>\nNie wiesz co wybra\u0107 \u2013 plastik czy karton?<br \/>\nMo\u017cesz to zrobi\u0107 razem z nami!<br \/>\nOlszty\u0144skie Stowarzyszenie Modelarzy \u201eWarmia\u201d to organizacja skupiaj\u0105ca modelarzy z regionu Warmii i Mazur.<span class=\"text_exposed_show\"><br \/>\nNaszymi g\u0142\u00f3wnymi celami s\u0105 propagowanie i rozw\u00f3j modelarstwa redukcyjnego oraz szerzenie wiedzy modelarskiej i historycznej. Realizujemy je poprzez wymian\u0119 do\u015bwiadcze\u0144, wzajemne wsparcie, udzia\u0142 w zawodach i spotkaniach modelarskich,<br \/>\na tak\u017ce rokrocznie w organizacji Olszty\u0144skiego Konkursu i Wystawy Modeli.<br \/>\nNie st\u00f3j z boku! Nie czekaj! Przy\u0142\u0105cz si\u0119 do nas!<br \/>\nNapisz do nas na Facebooku, odezwiemy si\u0119 do Ciebie!<\/span><\/p>\n<p><img loading=\"lazy\" decoding=\"async\" class=\"shrinkToFit\" src=\"https:\/\/scontent-waw1-1.xx.fbcdn.net\/v\/t1.0-9\/24174389_1518047264915657_5483079954295497735_n.jpg?oh=4e08cb377a72ac1814584c07c5dd4b78&amp;oe=5ABFE890\" alt=\"https:\/\/scontent-waw1-1.xx.fbcdn.net\/v\/t1.0-9\/24174389_1518047264915657_5483079954295497735_n.jpg?oh=4e08cb377a72ac1814584c07c5dd4b78&amp;oe=5ABFE890\" width=\"455\" height=\"635\" \/><\/p>\n","protected":false},"excerpt":{"rendered":"<p>Jeste\u015b pe\u0142noletnim praktykuj\u0105cym modelarzem? A mo\u017ce dopiero chcia\u0142by\u015b rozpocz\u0105\u0107 wypraw\u0119 w fascynuj\u0105cy \u015bwiat modelarstwa? Nie wiesz co wybra\u0107 \u2013 plastik czy karton? Mo\u017cesz to zrobi\u0107 razem z nami! Olszty\u0144skie Stowarzyszenie Modelarzy \u201eWarmia\u201d to organizacja skupiaj\u0105ca modelarzy z regionu Warmii i Mazur. Naszymi g\u0142\u00f3wnymi celami s\u0105 propagowanie i rozw\u00f3j modelarstwa redukcyjnego oraz szerzenie wiedzy modelarskiej i<a class=\"moretag\" href=\"https:\/\/modelarzeolsztyn.pl\/index.php\/2018\/01\/07\/333\/\"><span class=\"screen-reader-text\">Wi\u0119cej oDo\u0142\u0105cz do nas!<\/span>[&#8230;]<\/a><\/p>\n","protected":false},"author":1,"featured_media":335,"comment_status":"open","ping_status":"open","sticky":false,"template":"","format":"standard","meta":{"footnotes":""},"categories":[1],"tags":[],"yoast_head":"<!-- This site is optimized with the Yoast SEO plugin v24.5 - https:\/\/yoast.com\/wordpress\/plugins\/seo\/ -->\n<title>Do\u0142\u0105cz do nas! - Olszty\u0144skie Stowarzyszenie Modelarzy &quot;Warmia&quot;<\/title>\n<meta name=\"robots\" content=\"index, follow, max-snippet:-1, max-image-preview:large, max-video-preview:-1\" \/>\n<link rel=\"canonical\" href=\"https:\/\/modelarzeolsztyn.pl\/index.php\/2018\/01\/07\/333\/\" \/>\n<meta property=\"og:locale\" content=\"pl_PL\" \/>\n<meta property=\"og:type\" content=\"article\" \/>\n<meta property=\"og:title\" content=\"Do\u0142\u0105cz do nas! - Olszty\u0144skie Stowarzyszenie Modelarzy &quot;Warmia&quot;\" \/>\n<meta property=\"og:description\" content=\"Jeste\u015b pe\u0142noletnim praktykuj\u0105cym modelarzem? A mo\u017ce dopiero chcia\u0142by\u015b rozpocz\u0105\u0107 wypraw\u0119 w fascynuj\u0105cy \u015bwiat modelarstwa? Nie wiesz co wybra\u0107 \u2013 plastik czy karton? Mo\u017cesz to zrobi\u0107 razem z nami! Olszty\u0144skie Stowarzyszenie Modelarzy \u201eWarmia\u201d to organizacja skupiaj\u0105ca modelarzy z regionu Warmii i Mazur. Naszymi g\u0142\u00f3wnymi celami s\u0105 propagowanie i rozw\u00f3j modelarstwa redukcyjnego oraz szerzenie wiedzy modelarskiej iWi\u0119cej oDo\u0142\u0105cz do nas![...]\" \/>\n<meta property=\"og:url\" content=\"https:\/\/modelarzeolsztyn.pl\/index.php\/2018\/01\/07\/333\/\" \/>\n<meta property=\"og:site_name\" content=\"Olszty\u0144skie Stowarzyszenie Modelarzy &quot;Warmia&quot;\" \/>\n<meta property=\"article:publisher\" content=\"https:\/\/www.facebook.com\/Olszty%c5%84skie-Stowarzyszenie-Modelarzy-Warmia-1049089618478093\/\" \/>\n<meta property=\"article:published_time\" content=\"2018-01-06T23:10:09+00:00\" \/>\n<meta property=\"article:modified_time\" content=\"2018-01-06T23:37:36+00:00\" \/>\n<meta property=\"og:image\" content=\"https:\/\/modelarzeolsztyn.pl\/wp-content\/uploads\/2018\/01\/24174389_1518047264915657_5483079954295497735_n.jpg\" \/>\n\t<meta property=\"og:image:width\" content=\"603\" \/>\n\t<meta property=\"og:image:height\" content=\"841\" \/>\n\t<meta property=\"og:image:type\" content=\"image\/jpeg\" \/>\n<meta name=\"author\" content=\"xychu\" \/>\n<meta name=\"twitter:card\" content=\"summary_large_image\" \/>\n<meta name=\"twitter:label1\" content=\"Napisane przez\" \/>\n\t<meta name=\"twitter:data1\" content=\"xychu\" \/>\n\t<meta name=\"twitter:label2\" content=\"Szacowany czas czytania\" \/>\n\t<meta name=\"twitter:data2\" content=\"1 minuta\" \/>\n<script type=\"application\/ld+json\" class=\"yoast-schema-graph\">{\"@context\":\"https:\/\/schema.org\",\"@graph\":[{\"@type\":\"Article\",\"@id\":\"https:\/\/modelarzeolsztyn.pl\/index.php\/2018\/01\/07\/333\/#article\",\"isPartOf\":{\"@id\":\"https:\/\/modelarzeolsztyn.pl\/index.php\/2018\/01\/07\/333\/\"},\"author\":{\"name\":\"xychu\",\"@id\":\"https:\/\/modelarzeolsztyn.pl\/#\/schema\/person\/c62f133d440e75d3fe3eda0ea7f064d8\"},\"headline\":\"Do\u0142\u0105cz do nas!\",\"datePublished\":\"2018-01-06T23:10:09+00:00\",\"dateModified\":\"2018-01-06T23:37:36+00:00\",\"mainEntityOfPage\":{\"@id\":\"https:\/\/modelarzeolsztyn.pl\/index.php\/2018\/01\/07\/333\/\"},\"wordCount\":116,\"commentCount\":0,\"publisher\":{\"@id\":\"https:\/\/modelarzeolsztyn.pl\/#organization\"},\"image\":{\"@id\":\"https:\/\/modelarzeolsztyn.pl\/index.php\/2018\/01\/07\/333\/#primaryimage\"},\"thumbnailUrl\":\"https:\/\/modelarzeolsztyn.pl\/wp-content\/uploads\/2018\/01\/24174389_1518047264915657_5483079954295497735_n.jpg\",\"inLanguage\":\"pl-PL\",\"potentialAction\":[{\"@type\":\"CommentAction\",\"name\":\"Comment\",\"target\":[\"https:\/\/modelarzeolsztyn.pl\/index.php\/2018\/01\/07\/333\/#respond\"]}]},{\"@type\":\"WebPage\",\"@id\":\"https:\/\/modelarzeolsztyn.pl\/index.php\/2018\/01\/07\/333\/\",\"url\":\"https:\/\/modelarzeolsztyn.pl\/index.php\/2018\/01\/07\/333\/\",\"name\":\"Do\u0142\u0105cz do nas! - Olszty\u0144skie Stowarzyszenie Modelarzy &quot;Warmia&quot;\",\"isPartOf\":{\"@id\":\"https:\/\/modelarzeolsztyn.pl\/#website\"},\"primaryImageOfPage\":{\"@id\":\"https:\/\/modelarzeolsztyn.pl\/index.php\/2018\/01\/07\/333\/#primaryimage\"},\"image\":{\"@id\":\"https:\/\/modelarzeolsztyn.pl\/index.php\/2018\/01\/07\/333\/#primaryimage\"},\"thumbnailUrl\":\"https:\/\/modelarzeolsztyn.pl\/wp-content\/uploads\/2018\/01\/24174389_1518047264915657_5483079954295497735_n.jpg\",\"datePublished\":\"2018-01-06T23:10:09+00:00\",\"dateModified\":\"2018-01-06T23:37:36+00:00\",\"breadcrumb\":{\"@id\":\"https:\/\/modelarzeolsztyn.pl\/index.php\/2018\/01\/07\/333\/#breadcrumb\"},\"inLanguage\":\"pl-PL\",\"potentialAction\":[{\"@type\":\"ReadAction\",\"target\":[\"https:\/\/modelarzeolsztyn.pl\/index.php\/2018\/01\/07\/333\/\"]}]},{\"@type\":\"ImageObject\",\"inLanguage\":\"pl-PL\",\"@id\":\"https:\/\/modelarzeolsztyn.pl\/index.php\/2018\/01\/07\/333\/#primaryimage\",\"url\":\"https:\/\/modelarzeolsztyn.pl\/wp-content\/uploads\/2018\/01\/24174389_1518047264915657_5483079954295497735_n.jpg\",\"contentUrl\":\"https:\/\/modelarzeolsztyn.pl\/wp-content\/uploads\/2018\/01\/24174389_1518047264915657_5483079954295497735_n.jpg\",\"width\":603,\"height\":841},{\"@type\":\"BreadcrumbList\",\"@id\":\"https:\/\/modelarzeolsztyn.pl\/index.php\/2018\/01\/07\/333\/#breadcrumb\",\"itemListElement\":[{\"@type\":\"ListItem\",\"position\":1,\"name\":\"Strona g\u0142\u00f3wna\",\"item\":\"https:\/\/modelarzeolsztyn.pl\/\"},{\"@type\":\"ListItem\",\"position\":2,\"name\":\"Do\u0142\u0105cz do nas!\"}]},{\"@type\":\"WebSite\",\"@id\":\"https:\/\/modelarzeolsztyn.pl\/#website\",\"url\":\"https:\/\/modelarzeolsztyn.pl\/\",\"name\":\"Olszty\u0144skie Stowarzyszenie Modelarzy &quot;Warmia&quot;\",\"description\":\"Witryna stowarzyszenia zapale\u0144c\u00f3w modelarskich z Olsztyna i okolic\",\"publisher\":{\"@id\":\"https:\/\/modelarzeolsztyn.pl\/#organization\"},\"potentialAction\":[{\"@type\":\"SearchAction\",\"target\":{\"@type\":\"EntryPoint\",\"urlTemplate\":\"https:\/\/modelarzeolsztyn.pl\/?s={search_term_string}\"},\"query-input\":{\"@type\":\"PropertyValueSpecification\",\"valueRequired\":true,\"valueName\":\"search_term_string\"}}],\"inLanguage\":\"pl-PL\"},{\"@type\":\"Organization\",\"@id\":\"https:\/\/modelarzeolsztyn.pl\/#organization\",\"name\":\"Olszty\u0144skie Stowarzyszenie Modelarzy \\\"Warmia\\\"\",\"url\":\"https:\/\/modelarzeolsztyn.pl\/\",\"logo\":{\"@type\":\"ImageObject\",\"inLanguage\":\"pl-PL\",\"@id\":\"https:\/\/modelarzeolsztyn.pl\/#\/schema\/logo\/image\/\",\"url\":\"https:\/\/modelarzeolsztyn.pl\/wp-content\/uploads\/2017\/08\/cropped-logoprzez.png\",\"contentUrl\":\"https:\/\/modelarzeolsztyn.pl\/wp-content\/uploads\/2017\/08\/cropped-logoprzez.png\",\"width\":512,\"height\":512,\"caption\":\"Olszty\u0144skie Stowarzyszenie Modelarzy \\\"Warmia\\\"\"},\"image\":{\"@id\":\"https:\/\/modelarzeolsztyn.pl\/#\/schema\/logo\/image\/\"},\"sameAs\":[\"https:\/\/www.facebook.com\/Olszty\u0144skie-Stowarzyszenie-Modelarzy-Warmia-1049089618478093\/\"]},{\"@type\":\"Person\",\"@id\":\"https:\/\/modelarzeolsztyn.pl\/#\/schema\/person\/c62f133d440e75d3fe3eda0ea7f064d8\",\"name\":\"xychu\",\"image\":{\"@type\":\"ImageObject\",\"inLanguage\":\"pl-PL\",\"@id\":\"https:\/\/modelarzeolsztyn.pl\/#\/schema\/person\/image\/\",\"url\":\"https:\/\/secure.gravatar.com\/avatar\/e82a7c048d8e8fab01975bc0c6ef7565?s=96&d=mm&r=g\",\"contentUrl\":\"https:\/\/secure.gravatar.com\/avatar\/e82a7c048d8e8fab01975bc0c6ef7565?s=96&d=mm&r=g\",\"caption\":\"xychu\"}}]}<\/script>\n<!-- \/ Yoast SEO plugin. -->","yoast_head_json":{"title":"Do\u0142\u0105cz do nas! - Olszty\u0144skie Stowarzyszenie Modelarzy &quot;Warmia&quot;","robots":{"index":"index","follow":"follow","max-snippet":"max-snippet:-1","max-image-preview":"max-image-preview:large","max-video-preview":"max-video-preview:-1"},"canonical":"https:\/\/modelarzeolsztyn.pl\/index.php\/2018\/01\/07\/333\/","og_locale":"pl_PL","og_type":"article","og_title":"Do\u0142\u0105cz do nas! - Olszty\u0144skie Stowarzyszenie Modelarzy &quot;Warmia&quot;","og_description":"Jeste\u015b pe\u0142noletnim praktykuj\u0105cym modelarzem? A mo\u017ce dopiero chcia\u0142by\u015b rozpocz\u0105\u0107 wypraw\u0119 w fascynuj\u0105cy \u015bwiat modelarstwa? Nie wiesz co wybra\u0107 \u2013 plastik czy karton? Mo\u017cesz to zrobi\u0107 razem z nami! Olszty\u0144skie Stowarzyszenie Modelarzy \u201eWarmia\u201d to organizacja skupiaj\u0105ca modelarzy z regionu Warmii i Mazur. Naszymi g\u0142\u00f3wnymi celami s\u0105 propagowanie i rozw\u00f3j modelarstwa redukcyjnego oraz szerzenie wiedzy modelarskiej iWi\u0119cej oDo\u0142\u0105cz do nas![...]","og_url":"https:\/\/modelarzeolsztyn.pl\/index.php\/2018\/01\/07\/333\/","og_site_name":"Olszty\u0144skie Stowarzyszenie Modelarzy &quot;Warmia&quot;","article_publisher":"https:\/\/www.facebook.com\/Olszty%c5%84skie-Stowarzyszenie-Modelarzy-Warmia-1049089618478093\/","article_published_time":"2018-01-06T23:10:09+00:00","article_modified_time":"2018-01-06T23:37:36+00:00","og_image":[{"width":603,"height":841,"url":"https:\/\/modelarzeolsztyn.pl\/wp-content\/uploads\/2018\/01\/24174389_1518047264915657_5483079954295497735_n.jpg","type":"image\/jpeg"}],"author":"xychu","twitter_card":"summary_large_image","twitter_misc":{"Napisane przez":"xychu","Szacowany czas czytania":"1 minuta"},"schema":{"@context":"https:\/\/schema.org","@graph":[{"@type":"Article","@id":"https:\/\/modelarzeolsztyn.pl\/index.php\/2018\/01\/07\/333\/#article","isPartOf":{"@id":"https:\/\/modelarzeolsztyn.pl\/index.php\/2018\/01\/07\/333\/"},"author":{"name":"xychu","@id":"https:\/\/modelarzeolsztyn.pl\/#\/schema\/person\/c62f133d440e75d3fe3eda0ea7f064d8"},"headline":"Do\u0142\u0105cz do nas!","datePublished":"2018-01-06T23:10:09+00:00","dateModified":"2018-01-06T23:37:36+00:00","mainEntityOfPage":{"@id":"https:\/\/modelarzeolsztyn.pl\/index.php\/2018\/01\/07\/333\/"},"wordCount":116,"commentCount":0,"publisher":{"@id":"https:\/\/modelarzeolsztyn.pl\/#organization"},"image":{"@id":"https:\/\/modelarzeolsztyn.pl\/index.php\/2018\/01\/07\/333\/#primaryimage"},"thumbnailUrl":"https:\/\/modelarzeolsztyn.pl\/wp-content\/uploads\/2018\/01\/24174389_1518047264915657_5483079954295497735_n.jpg","inLanguage":"pl-PL","potentialAction":[{"@type":"CommentAction","name":"Comment","target":["https:\/\/modelarzeolsztyn.pl\/index.php\/2018\/01\/07\/333\/#respond"]}]},{"@type":"WebPage","@id":"https:\/\/modelarzeolsztyn.pl\/index.php\/2018\/01\/07\/333\/","url":"https:\/\/modelarzeolsztyn.pl\/index.php\/2018\/01\/07\/333\/","name":"Do\u0142\u0105cz do nas! - Olszty\u0144skie Stowarzyszenie Modelarzy &quot;Warmia&quot;","isPartOf":{"@id":"https:\/\/modelarzeolsztyn.pl\/#website"},"primaryImageOfPage":{"@id":"https:\/\/modelarzeolsztyn.pl\/index.php\/2018\/01\/07\/333\/#primaryimage"},"image":{"@id":"https:\/\/modelarzeolsztyn.pl\/index.php\/2018\/01\/07\/333\/#primaryimage"},"thumbnailUrl":"https:\/\/modelarzeolsztyn.pl\/wp-content\/uploads\/2018\/01\/24174389_1518047264915657_5483079954295497735_n.jpg","datePublished":"2018-01-06T23:10:09+00:00","dateModified":"2018-01-06T23:37:36+00:00","breadcrumb":{"@id":"https:\/\/modelarzeolsztyn.pl\/index.php\/2018\/01\/07\/333\/#breadcrumb"},"inLanguage":"pl-PL","potentialAction":[{"@type":"ReadAction","target":["https:\/\/modelarzeolsztyn.pl\/index.php\/2018\/01\/07\/333\/"]}]},{"@type":"ImageObject","inLanguage":"pl-PL","@id":"https:\/\/modelarzeolsztyn.pl\/index.php\/2018\/01\/07\/333\/#primaryimage","url":"https:\/\/modelarzeolsztyn.pl\/wp-content\/uploads\/2018\/01\/24174389_1518047264915657_5483079954295497735_n.jpg","contentUrl":"https:\/\/modelarzeolsztyn.pl\/wp-content\/uploads\/2018\/01\/24174389_1518047264915657_5483079954295497735_n.jpg","width":603,"height":841},{"@type":"BreadcrumbList","@id":"https:\/\/modelarzeolsztyn.pl\/index.php\/2018\/01\/07\/333\/#breadcrumb","itemListElement":[{"@type":"ListItem","position":1,"name":"Strona g\u0142\u00f3wna","item":"https:\/\/modelarzeolsztyn.pl\/"},{"@type":"ListItem","position":2,"name":"Do\u0142\u0105cz do nas!"}]},{"@type":"WebSite","@id":"https:\/\/modelarzeolsztyn.pl\/#website","url":"https:\/\/modelarzeolsztyn.pl\/","name":"Olszty\u0144skie Stowarzyszenie Modelarzy &quot;Warmia&quot;","description":"Witryna stowarzyszenia zapale\u0144c\u00f3w modelarskich z Olsztyna i okolic","publisher":{"@id":"https:\/\/modelarzeolsztyn.pl\/#organization"},"potentialAction":[{"@type":"SearchAction","target":{"@type":"EntryPoint","urlTemplate":"https:\/\/modelarzeolsztyn.pl\/?s={search_term_string}"},"query-input":{"@type":"PropertyValueSpecification","valueRequired":true,"valueName":"search_term_string"}}],"inLanguage":"pl-PL"},{"@type":"Organization","@id":"https:\/\/modelarzeolsztyn.pl\/#organization","name":"Olszty\u0144skie Stowarzyszenie Modelarzy \"Warmia\"","url":"https:\/\/modelarzeolsztyn.pl\/","logo":{"@type":"ImageObject","inLanguage":"pl-PL","@id":"https:\/\/modelarzeolsztyn.pl\/#\/schema\/logo\/image\/","url":"https:\/\/modelarzeolsztyn.pl\/wp-content\/uploads\/2017\/08\/cropped-logoprzez.png","contentUrl":"https:\/\/modelarzeolsztyn.pl\/wp-content\/uploads\/2017\/08\/cropped-logoprzez.png","width":512,"height":512,"caption":"Olszty\u0144skie Stowarzyszenie Modelarzy \"Warmia\""},"image":{"@id":"https:\/\/modelarzeolsztyn.pl\/#\/schema\/logo\/image\/"},"sameAs":["https:\/\/www.facebook.com\/Olszty\u0144skie-Stowarzyszenie-Modelarzy-Warmia-1049089618478093\/"]},{"@type":"Person","@id":"https:\/\/modelarzeolsztyn.pl\/#\/schema\/person\/c62f133d440e75d3fe3eda0ea7f064d8","name":"xychu","image":{"@type":"ImageObject","inLanguage":"pl-PL","@id":"https:\/\/modelarzeolsztyn.pl\/#\/schema\/person\/image\/","url":"https:\/\/secure.gravatar.com\/avatar\/e82a7c048d8e8fab01975bc0c6ef7565?s=96&d=mm&r=g","contentUrl":"https:\/\/secure.gravatar.com\/avatar\/e82a7c048d8e8fab01975bc0c6ef7565?s=96&d=mm&r=g","caption":"xychu"}}]}},"_links":{"self":[{"href":"https:\/\/modelarzeolsztyn.pl\/index.php\/wp-json\/wp\/v2\/posts\/333"}],"collection":[{"href":"https:\/\/modelarzeolsztyn.pl\/index.php\/wp-json\/wp\/v2\/posts"}],"about":[{"href":"https:\/\/modelarzeolsztyn.pl\/index.php\/wp-json\/wp\/v2\/types\/post"}],"author":[{"embeddable":true,"href":"https:\/\/modelarzeolsztyn.pl\/index.php\/wp-json\/wp\/v2\/users\/1"}],"replies":[{"embeddable":true,"href":"https:\/\/modelarzeolsztyn.pl\/index.php\/wp-json\/wp\/v2\/comments?post=333"}],"version-history":[{"count":2,"href":"https:\/\/modelarzeolsztyn.pl\/index.php\/wp-json\/wp\/v2\/posts\/333\/revisions"}],"predecessor-version":[{"id":336,"href":"https:\/\/modelarzeolsztyn.pl\/index.php\/wp-json\/wp\/v2\/posts\/333\/revisions\/336"}],"wp:featuredmedia":[{"embeddable":true,"href":"https:\/\/modelarzeolsztyn.pl\/index.php\/wp-json\/wp\/v2\/media\/335"}],"wp:attachment":[{"href":"https:\/\/modelarzeolsztyn.pl\/index.php\/wp-json\/wp\/v2\/media?parent=333"}],"wp:term":[{"taxonomy":"category","embeddable":true,"href":"https:\/\/modelarzeolsztyn.pl\/index.php\/wp-json\/wp\/v2\/categories?post=333"},{"taxonomy":"post_tag","embeddable":true,"href":"https:\/\/modelarzeolsztyn.pl\/index.php\/wp-json\/wp\/v2\/tags?post=333"}],"curies":[{"name":"wp","href":"https:\/\/api.w.org\/{rel}","templated":true}]}}