{"id":693,"date":"2019-03-03T19:26:47","date_gmt":"2019-03-03T18:26:47","guid":{"rendered":"https:\/\/modelarzeolsztyn.pl\/?p=693"},"modified":"2019-03-15T08:54:18","modified_gmt":"2019-03-15T07:54:18","slug":"zapisy-na-x-festiwal-kultury-modelarskiej-rozpoczete","status":"publish","type":"post","link":"https:\/\/modelarzeolsztyn.pl\/index.php\/2019\/03\/03\/zapisy-na-x-festiwal-kultury-modelarskiej-rozpoczete\/","title":{"rendered":"Zapisy na X Festiwal Kultury Modelarskiej rozpocz\u0119te!"},"content":{"rendered":"\n<p>Zapisy na X Festiwal Kultury Modelarskiej w Olsztynie uruchomione. W  dniach 30-31 marca odb\u0119dzie si\u0119 kolejny &#8211; jubileuszowy bo dziesi\u0105ty  festiwal modelarski w Olsztynie. Jako g\u0142\u00f3wny organizator imprezy  zapraszamy wszystkich modelarzy, sympatyk\u00f3w i obserwatorow do  uczestnictwa w naszym festiwalu. Zach\u0119camy jednocze\u015bnie uczestnik\u00f3w do  zapis\u00f3w poprzez stron\u0119 internetow\u0105, kt\u00f3re od tej chwili s\u0105 dla Was  dost\u0119pne. Aby to uczyni\u0107 prosz\u0119 wej\u015b\u0107 na stron\u0119 <a rel=\"noreferrer noopener\" href=\"https:\/\/modelarzeolsztyn.pl\/zapisyx\/?fbclid=IwAR0LH_1WRKWJZ93YkB7DL1W5Nq8QE7L52mDEbhM5N75Ggg8GB8QUulZz6Fs\" target=\"_blank\">https:\/\/modelarzeolsztyn.pl\/zapisyx\/<\/a>  i wype\u0142ni\u0107 formularz. Prosz\u0119 te\u017c pami\u0119ta\u0107 by zaznaczy\u0107 odpowiedni  checkbox je\u015bli Wasz model ma startowa\u0107 r\u00f3wnie\u017c w kategorii specjalnej  Memoria\u0142u Lecha Dunajewskiego lub  jako model w budowie.<br>  UWAGA DLA  GRUP (np modelarnie)! Je\u015bli chcecie zapisa\u0107 wi\u0119cej ni\u017c jednego  uczestnika na jeden email to  dla kolejnych uczestnik\u00f3w w polu email  nale\u017cy poda\u0107 adres email potem pionow\u0105 kreseczk\u0119 i wymy\u015blony  identyfikator uczestnika. Na przyk\u0142ad chcemy zarejestrowa\u0107 Janka  Kowalskiego oraz Piotrka Kowalskiego na emalia <em>moj@email.com<\/em> Mo\u017cna wtedy  dla Janka wpisa\u0107 w polu email  <em>moj@email.com<\/em> a dla Piotra wpisa\u0107  <em>moj@email.com|Piotrek<\/em> . W ten spos\u00f3b na jeden email mo\u017cemy zarejestrowa\u0107  dowoln\u0105 ilo\u015b\u0107 uczestnik\u00f3w.<\/p>\n\n\n\n<p>\n Warto wiedzie\u0107, \u017ce karty uczestnictwa w konkursie b\u0119d\u0105 do odbioru w \nrejestracji przed konkursem. B\u0119dzie r\u00f3wnie\u017c mo\u017cliwo\u015b\u0107 zapis\u00f3w na \nmiejscu, lecz z przyczyn logistycznych gor\u0105co zach\u0119camy ju\u017c teraz by \nzapisywa\u0107 si\u0119 poprzez stron\u0119 internetow\u0105. B\u0119dzie na pewno sprawniej. <br> Ps. Udzia\u0142 w konkursie, wst\u0119p na Festiwal s\u0105 ca\u0142kowicie bezp\u0142atne. <\/p>\n\n\n\n<p> Do zobaczenia!<\/p>\n\n\n\n<ul class=\"wp-block-gallery columns-1 is-cropped wp-block-gallery-1 is-layout-flex wp-block-gallery-is-layout-flex\"><li class=\"blocks-gallery-item\"><figure><a href=\"\/zapisyx\" target=\"_new\" rel=\"noopener noreferrer\"><img loading=\"lazy\" decoding=\"async\" width=\"357\" height=\"117\" src=\"https:\/\/modelarzeolsztyn.pl\/wp-content\/uploads\/2019\/03\/program-polecajacy-zapisz-sie.png\" alt=\"\" data-id=\"696\" data-link=\"https:\/\/modelarzeolsztyn.pl\/index.php\/2019\/03\/03\/zapisy-na-x-festiwal-kultury-modelarskiej-rozpoczete\/program-polecajacy-zapisz-sie\/\" class=\"wp-image-696\" srcset=\"https:\/\/modelarzeolsztyn.pl\/wp-content\/uploads\/2019\/03\/program-polecajacy-zapisz-sie.png 357w, https:\/\/modelarzeolsztyn.pl\/wp-content\/uploads\/2019\/03\/program-polecajacy-zapisz-sie-300x98.png 300w\" sizes=\"(max-width: 357px) 100vw, 357px\" \/><\/a><\/figure><\/li><\/ul>\n\n\n\n<p>Kategorie konkursowe:<\/p>\n\n\n\n<ol><li><strong>Modele plastikowe<\/strong><\/li><\/ol>\n\n\n\n<p><strong>Samoloty:<\/strong><\/p>\n\n\n\n<p>1 M\u0142odzicy bez podzia\u0142u na skale (PMS)<\/p>\n\n\n\n<p>2 Juniorzy bez podzia\u0142u na skale (PJS)<\/p>\n\n\n\n<p>3 Seniorzy 1\/72 i mniejsze (PSS1)<br>\n4 Seniorzy 1\/48 (PSS2)<br>\n5 Seniorzy 1\/32 i wi\u0119ksze (PSS3)<\/p>\n\n\n\n<p><strong>\u015amig\u0142owce:<\/strong><\/p>\n\n\n\n<p>6 M\u0142odzicy bez podzia\u0142u na skale (PMH)<\/p>\n\n\n\n<p>7 Juniorzy bez podzia\u0142u na skale (PJH)<\/p>\n\n\n\n<p>8 Seniorzy 1\/72 i mniejsze (PSH1)<br>\n9 Seniorzy\n1\/48&nbsp; i wieksze (PSH2)<\/p>\n\n\n\n<p><strong>Pojazdy wojskowe na podwoziu ko\u0142owym:<\/strong><\/p>\n\n\n\n<p>10 M\u0142odzicy bez podzia\u0142u na skale (PMPK)<\/p>\n\n\n\n<p>11 Juniorzy 1\/72 i mniejsze (PJPK1)<br>\n12\nJuniorzy 1\/48 i wi\u0119ksze (PJPK2)<\/p>\n\n\n\n<p>13 Seniorzy 1\/72 i mniejsze (PSPK1)<br>\n14 Seniorzy 1\/48 (PSPK2)<br>\n15 Seniorzy 1\/35 i wi\u0119ksze (PSPK3)<\/p>\n\n\n\n<p><strong>Pojazdy wojskowe na podwoziu&nbsp;g\u0105sienicowym\n(\u0142\u0105cznie z artyleri\u0105 samobie\u017cn\u0105)<\/strong><\/p>\n\n\n\n<p>16 M\u0142odzicy bez podzia\u0142u na skale (PMPG)<\/p>\n\n\n\n<p>17 Juniorzy 1\/72 i mniejsze (PJPG1)<br>\n18\nJuniorzy 1\/48 (PJPG2) i wi\u0119ksze<\/p>\n\n\n\n<p>19 Seniorzy 1\/72 i mniejsze (PSPG1)<br>\n20 Seniorzy 1\/48 (PSPG2)<br>\n21 Seniorzy 1\/35 i wi\u0119ksze (PSPG3)<\/p>\n\n\n\n<p><strong>Artyleria bez w\u0142asnego&nbsp;nap\u0119du:<\/strong><\/p>\n\n\n\n<p>22 M\u0142odzicy bez podzia\u0142u na skale (PMA)<\/p>\n\n\n\n<p>23 Juniorzy bez podzia\u0142u na skale (PJA)<\/p>\n\n\n\n<p>24 Seniorzy bez podzia\u0142u na skale&nbsp; (PSA)<\/p>\n\n\n\n<p><strong>Dioramy:<\/strong><\/p>\n\n\n\n<p>25 M\u0142odzicy bez podzia\u0142u na skale (PMD)<\/p>\n\n\n\n<p>26 Juniorzy bez podzia\u0142u na skale (PJD)<\/p>\n\n\n\n<p>27 Seniorzy bez podzia\u0142u na skale (PSD)<\/p>\n\n\n\n<p><strong>Statki i okr\u0119ty:<\/strong><\/p>\n\n\n\n<p>28 M\u0142odzicy bez podzia\u0142u na skale (PMO)<\/p>\n\n\n\n<p>29 Juniorzy bez podzia\u0142u na skale (PJO)<\/p>\n\n\n\n<p>30 Seniorzy 1\/700 (PSO1)<br>\n31 Seniorzy 1\/350 (PSO2)<br>\n32 Seniorzy pozosta\u0142e skale (PSO3)<\/p>\n\n\n\n<p><strong>Pojazdy Cywilne:<\/strong><\/p>\n\n\n\n<p>33 M\u0142odzicy (PMPC)<\/p>\n\n\n\n<p>34 Juniorzy (PJPC)<\/p>\n\n\n\n<p>35\nSeniorzy (PSPC)<\/p>\n\n\n\n<p><strong>Figurki:<\/strong><\/p>\n\n\n\n<p>36 M\u0142odzicy bez podzia\u0142u na skale (PMF)<\/p>\n\n\n\n<p>37 Juniorzy bez podzia\u0142u na skale (PJF)<\/p>\n\n\n\n<p>38 Figurki Historyczne Seniorzy (PSF1)<br>\n39 Figurki Fantasy Seniorzy (PSF2)<\/p>\n\n\n\n<p>40 Figurki Popiersia Seniorzy (PSF3)<\/p>\n\n\n\n<p><strong>Kolekcje:<\/strong><\/p>\n\n\n\n<p>41 Juniorzy kolekcje modeli plastikowych bez podzia\u0142u na skale\n(PJK)<\/p>\n\n\n\n<p>42 Seniorzy kolekcje modeli plastikowych bez podzia\u0142u na skale\n(PSK)<\/p>\n\n\n\n<p><strong>Inne<\/strong><strong>:<\/strong><\/p>\n\n\n\n<p>43 Inne \u2013 wszystko to, co chcieliby\u015bcie pokaza\u0107 (PI)<\/p>\n\n\n\n<ol><li><strong>Modele kartonowe<\/strong><\/li><\/ol>\n\n\n\n<p>44\nM\u0142odzicy pojazdy (KMP)&nbsp;&nbsp;&nbsp;&nbsp;&nbsp;&nbsp;&nbsp; <\/p>\n\n\n\n<p>45 M\u0142odzicy\nsamoloty (KMS)<\/p>\n\n\n\n<p>46 M\u0142odzicy\nstatki i okr\u0119ty (KMO)<\/p>\n\n\n\n<p>47 M\u0142odzicy\n\u2013 inne modele (KMI)<\/p>\n\n\n\n<p>48 Pojazdy&nbsp;ko\u0142owe\nJuniorzy (KJPK)<\/p>\n\n\n\n<p>49 Pojazdy&nbsp;g\u0105sienicowe\nJuniorzy (KJPG)<\/p>\n\n\n\n<p>50 Lotnictwo\nJuniorzy (KJL)<\/p>\n\n\n\n<p>51 Statki, \u017caglowce i okr\u0119ty Juniorzy (KJO)<\/p>\n\n\n\n<p>52 Figurki\ni Zwierz\u0119ta Juniorzy (KJF)<\/p>\n\n\n\n<p>53 Budowle\nJuniorzy (KJB)<\/p>\n\n\n\n<p>54 Pojazdy\nko\u0142owe Seniorzy (KSPK)<\/p>\n\n\n\n<p>55 Pojazdy\ng\u0105sienicowe Seniorzy (KSPG)<\/p>\n\n\n\n<p>56 Artyleria\nbez nap\u0119du Seniorzy (KSA)<\/p>\n\n\n\n<p>57 Pojazdy\nszynowe Seniorzy (KSPS)<\/p>\n\n\n\n<p>58 Samoloty\nz nap\u0119dem \u015bmig\u0142owym Seniorzy (KSSS)<\/p>\n\n\n\n<p>59 Samoloty\nz nap\u0119dem odrzutowym Seniorzy (KSSO)<\/p>\n\n\n\n<p>60 \u015amig\u0142owce\ni wiatrakowce Seniorzy (KSH)<\/p>\n\n\n\n<p>61 Figurki,\nzwierz\u0119ta i pojazdy kosmiczne Seniorzy (KSF)<\/p>\n\n\n\n<p>62 Statki i \u017caglowce Seniorzy (KSSZ)<\/p>\n\n\n\n<p>63 Statki\ni okr\u0119ty do linii wodnej Seniorzy (KSDLW)<\/p>\n\n\n\n<p>64 Okr\u0119ty\nSeniorzy (KSO)<\/p>\n\n\n\n<p>65 Budowle&nbsp;Seniorzy\n(KSB)<\/p>\n\n\n\n<p>66 Inne \u2013\nwszystko to, co chcieliby\u015bcie pokaza\u0107 (KI)<\/p>\n","protected":false},"excerpt":{"rendered":"<p>Zapisy na X Festiwal Kultury Modelarskiej w Olsztynie uruchomione. W dniach 30-31 marca odb\u0119dzie si\u0119 kolejny &#8211; jubileuszowy bo dziesi\u0105ty festiwal modelarski w Olsztynie. Jako g\u0142\u00f3wny organizator imprezy zapraszamy wszystkich modelarzy, sympatyk\u00f3w i obserwatorow do uczestnictwa w naszym festiwalu. Zach\u0119camy jednocze\u015bnie uczestnik\u00f3w do zapis\u00f3w poprzez stron\u0119 internetow\u0105, kt\u00f3re od tej chwili s\u0105 dla Was dost\u0119pne.<a class=\"moretag\" href=\"https:\/\/modelarzeolsztyn.pl\/index.php\/2019\/03\/03\/zapisy-na-x-festiwal-kultury-modelarskiej-rozpoczete\/\"><span class=\"screen-reader-text\">Wi\u0119cej oZapisy na X Festiwal Kultury Modelarskiej rozpocz\u0119te!<\/span>[&#8230;]<\/a><\/p>\n","protected":false},"author":1,"featured_media":665,"comment_status":"open","ping_status":"open","sticky":false,"template":"","format":"standard","meta":{"footnotes":""},"categories":[4,5],"tags":[],"yoast_head":"<!-- This site is optimized with the Yoast SEO plugin v24.5 - https:\/\/yoast.com\/wordpress\/plugins\/seo\/ -->\n<title>Zapisy na X Festiwal Kultury Modelarskiej rozpocz\u0119te! - Olszty\u0144skie Stowarzyszenie Modelarzy &quot;Warmia&quot;<\/title>\n<meta name=\"robots\" content=\"index, follow, max-snippet:-1, max-image-preview:large, max-video-preview:-1\" \/>\n<link rel=\"canonical\" href=\"https:\/\/modelarzeolsztyn.pl\/index.php\/2019\/03\/03\/zapisy-na-x-festiwal-kultury-modelarskiej-rozpoczete\/\" \/>\n<meta property=\"og:locale\" content=\"pl_PL\" \/>\n<meta property=\"og:type\" content=\"article\" \/>\n<meta property=\"og:title\" content=\"Zapisy na X Festiwal Kultury Modelarskiej rozpocz\u0119te! - Olszty\u0144skie Stowarzyszenie Modelarzy &quot;Warmia&quot;\" \/>\n<meta property=\"og:description\" content=\"Zapisy na X Festiwal Kultury Modelarskiej w Olsztynie uruchomione. W dniach 30-31 marca odb\u0119dzie si\u0119 kolejny &#8211; jubileuszowy bo dziesi\u0105ty festiwal modelarski w Olsztynie. Jako g\u0142\u00f3wny organizator imprezy zapraszamy wszystkich modelarzy, sympatyk\u00f3w i obserwatorow do uczestnictwa w naszym festiwalu. Zach\u0119camy jednocze\u015bnie uczestnik\u00f3w do zapis\u00f3w poprzez stron\u0119 internetow\u0105, kt\u00f3re od tej chwili s\u0105 dla Was dost\u0119pne.Wi\u0119cej oZapisy na X Festiwal Kultury Modelarskiej rozpocz\u0119te![...]\" \/>\n<meta property=\"og:url\" content=\"https:\/\/modelarzeolsztyn.pl\/index.php\/2019\/03\/03\/zapisy-na-x-festiwal-kultury-modelarskiej-rozpoczete\/\" \/>\n<meta property=\"og:site_name\" content=\"Olszty\u0144skie Stowarzyszenie Modelarzy &quot;Warmia&quot;\" \/>\n<meta property=\"article:publisher\" content=\"https:\/\/www.facebook.com\/Olszty%c5%84skie-Stowarzyszenie-Modelarzy-Warmia-1049089618478093\/\" \/>\n<meta property=\"article:published_time\" content=\"2019-03-03T18:26:47+00:00\" \/>\n<meta property=\"article:modified_time\" content=\"2019-03-15T07:54:18+00:00\" \/>\n<meta property=\"og:image\" content=\"https:\/\/modelarzeolsztyn.pl\/wp-content\/uploads\/2019\/01\/Xfestiwal.jpg\" \/>\n\t<meta property=\"og:image:width\" content=\"640\" \/>\n\t<meta property=\"og:image:height\" content=\"960\" \/>\n\t<meta property=\"og:image:type\" content=\"image\/jpeg\" \/>\n<meta name=\"author\" content=\"xychu\" \/>\n<meta name=\"twitter:card\" content=\"summary_large_image\" \/>\n<meta name=\"twitter:label1\" content=\"Napisane przez\" \/>\n\t<meta name=\"twitter:data1\" content=\"xychu\" \/>\n\t<meta name=\"twitter:label2\" content=\"Szacowany czas czytania\" \/>\n\t<meta name=\"twitter:data2\" content=\"3 minuty\" \/>\n<script type=\"application\/ld+json\" class=\"yoast-schema-graph\">{\"@context\":\"https:\/\/schema.org\",\"@graph\":[{\"@type\":\"Article\",\"@id\":\"https:\/\/modelarzeolsztyn.pl\/index.php\/2019\/03\/03\/zapisy-na-x-festiwal-kultury-modelarskiej-rozpoczete\/#article\",\"isPartOf\":{\"@id\":\"https:\/\/modelarzeolsztyn.pl\/index.php\/2019\/03\/03\/zapisy-na-x-festiwal-kultury-modelarskiej-rozpoczete\/\"},\"author\":{\"name\":\"xychu\",\"@id\":\"https:\/\/modelarzeolsztyn.pl\/#\/schema\/person\/c62f133d440e75d3fe3eda0ea7f064d8\"},\"headline\":\"Zapisy na X Festiwal Kultury Modelarskiej rozpocz\u0119te!\",\"datePublished\":\"2019-03-03T18:26:47+00:00\",\"dateModified\":\"2019-03-15T07:54:18+00:00\",\"mainEntityOfPage\":{\"@id\":\"https:\/\/modelarzeolsztyn.pl\/index.php\/2019\/03\/03\/zapisy-na-x-festiwal-kultury-modelarskiej-rozpoczete\/\"},\"wordCount\":682,\"commentCount\":4,\"publisher\":{\"@id\":\"https:\/\/modelarzeolsztyn.pl\/#organization\"},\"image\":{\"@id\":\"https:\/\/modelarzeolsztyn.pl\/index.php\/2019\/03\/03\/zapisy-na-x-festiwal-kultury-modelarskiej-rozpoczete\/#primaryimage\"},\"thumbnailUrl\":\"https:\/\/modelarzeolsztyn.pl\/wp-content\/uploads\/2019\/01\/Xfestiwal.jpg\",\"articleSection\":[\"Konkursy\",\"Wydarzenia oko\u0142omodelarskie\"],\"inLanguage\":\"pl-PL\",\"potentialAction\":[{\"@type\":\"CommentAction\",\"name\":\"Comment\",\"target\":[\"https:\/\/modelarzeolsztyn.pl\/index.php\/2019\/03\/03\/zapisy-na-x-festiwal-kultury-modelarskiej-rozpoczete\/#respond\"]}]},{\"@type\":\"WebPage\",\"@id\":\"https:\/\/modelarzeolsztyn.pl\/index.php\/2019\/03\/03\/zapisy-na-x-festiwal-kultury-modelarskiej-rozpoczete\/\",\"url\":\"https:\/\/modelarzeolsztyn.pl\/index.php\/2019\/03\/03\/zapisy-na-x-festiwal-kultury-modelarskiej-rozpoczete\/\",\"name\":\"Zapisy na X Festiwal Kultury Modelarskiej rozpocz\u0119te! - Olszty\u0144skie Stowarzyszenie Modelarzy &quot;Warmia&quot;\",\"isPartOf\":{\"@id\":\"https:\/\/modelarzeolsztyn.pl\/#website\"},\"primaryImageOfPage\":{\"@id\":\"https:\/\/modelarzeolsztyn.pl\/index.php\/2019\/03\/03\/zapisy-na-x-festiwal-kultury-modelarskiej-rozpoczete\/#primaryimage\"},\"image\":{\"@id\":\"https:\/\/modelarzeolsztyn.pl\/index.php\/2019\/03\/03\/zapisy-na-x-festiwal-kultury-modelarskiej-rozpoczete\/#primaryimage\"},\"thumbnailUrl\":\"https:\/\/modelarzeolsztyn.pl\/wp-content\/uploads\/2019\/01\/Xfestiwal.jpg\",\"datePublished\":\"2019-03-03T18:26:47+00:00\",\"dateModified\":\"2019-03-15T07:54:18+00:00\",\"breadcrumb\":{\"@id\":\"https:\/\/modelarzeolsztyn.pl\/index.php\/2019\/03\/03\/zapisy-na-x-festiwal-kultury-modelarskiej-rozpoczete\/#breadcrumb\"},\"inLanguage\":\"pl-PL\",\"potentialAction\":[{\"@type\":\"ReadAction\",\"target\":[\"https:\/\/modelarzeolsztyn.pl\/index.php\/2019\/03\/03\/zapisy-na-x-festiwal-kultury-modelarskiej-rozpoczete\/\"]}]},{\"@type\":\"ImageObject\",\"inLanguage\":\"pl-PL\",\"@id\":\"https:\/\/modelarzeolsztyn.pl\/index.php\/2019\/03\/03\/zapisy-na-x-festiwal-kultury-modelarskiej-rozpoczete\/#primaryimage\",\"url\":\"https:\/\/modelarzeolsztyn.pl\/wp-content\/uploads\/2019\/01\/Xfestiwal.jpg\",\"contentUrl\":\"https:\/\/modelarzeolsztyn.pl\/wp-content\/uploads\/2019\/01\/Xfestiwal.jpg\",\"width\":640,\"height\":960},{\"@type\":\"BreadcrumbList\",\"@id\":\"https:\/\/modelarzeolsztyn.pl\/index.php\/2019\/03\/03\/zapisy-na-x-festiwal-kultury-modelarskiej-rozpoczete\/#breadcrumb\",\"itemListElement\":[{\"@type\":\"ListItem\",\"position\":1,\"name\":\"Strona g\u0142\u00f3wna\",\"item\":\"https:\/\/modelarzeolsztyn.pl\/\"},{\"@type\":\"ListItem\",\"position\":2,\"name\":\"Zapisy na X Festiwal Kultury Modelarskiej rozpocz\u0119te!\"}]},{\"@type\":\"WebSite\",\"@id\":\"https:\/\/modelarzeolsztyn.pl\/#website\",\"url\":\"https:\/\/modelarzeolsztyn.pl\/\",\"name\":\"Olszty\u0144skie Stowarzyszenie Modelarzy &quot;Warmia&quot;\",\"description\":\"Witryna stowarzyszenia zapale\u0144c\u00f3w modelarskich z Olsztyna i okolic\",\"publisher\":{\"@id\":\"https:\/\/modelarzeolsztyn.pl\/#organization\"},\"potentialAction\":[{\"@type\":\"SearchAction\",\"target\":{\"@type\":\"EntryPoint\",\"urlTemplate\":\"https:\/\/modelarzeolsztyn.pl\/?s={search_term_string}\"},\"query-input\":{\"@type\":\"PropertyValueSpecification\",\"valueRequired\":true,\"valueName\":\"search_term_string\"}}],\"inLanguage\":\"pl-PL\"},{\"@type\":\"Organization\",\"@id\":\"https:\/\/modelarzeolsztyn.pl\/#organization\",\"name\":\"Olszty\u0144skie Stowarzyszenie Modelarzy \\\"Warmia\\\"\",\"url\":\"https:\/\/modelarzeolsztyn.pl\/\",\"logo\":{\"@type\":\"ImageObject\",\"inLanguage\":\"pl-PL\",\"@id\":\"https:\/\/modelarzeolsztyn.pl\/#\/schema\/logo\/image\/\",\"url\":\"https:\/\/modelarzeolsztyn.pl\/wp-content\/uploads\/2017\/08\/cropped-logoprzez.png\",\"contentUrl\":\"https:\/\/modelarzeolsztyn.pl\/wp-content\/uploads\/2017\/08\/cropped-logoprzez.png\",\"width\":512,\"height\":512,\"caption\":\"Olszty\u0144skie Stowarzyszenie Modelarzy \\\"Warmia\\\"\"},\"image\":{\"@id\":\"https:\/\/modelarzeolsztyn.pl\/#\/schema\/logo\/image\/\"},\"sameAs\":[\"https:\/\/www.facebook.com\/Olszty\u0144skie-Stowarzyszenie-Modelarzy-Warmia-1049089618478093\/\"]},{\"@type\":\"Person\",\"@id\":\"https:\/\/modelarzeolsztyn.pl\/#\/schema\/person\/c62f133d440e75d3fe3eda0ea7f064d8\",\"name\":\"xychu\",\"image\":{\"@type\":\"ImageObject\",\"inLanguage\":\"pl-PL\",\"@id\":\"https:\/\/modelarzeolsztyn.pl\/#\/schema\/person\/image\/\",\"url\":\"https:\/\/secure.gravatar.com\/avatar\/e82a7c048d8e8fab01975bc0c6ef7565?s=96&d=mm&r=g\",\"contentUrl\":\"https:\/\/secure.gravatar.com\/avatar\/e82a7c048d8e8fab01975bc0c6ef7565?s=96&d=mm&r=g\",\"caption\":\"xychu\"}}]}<\/script>\n<!-- \/ Yoast SEO plugin. -->","yoast_head_json":{"title":"Zapisy na X Festiwal Kultury Modelarskiej rozpocz\u0119te! - Olszty\u0144skie Stowarzyszenie Modelarzy &quot;Warmia&quot;","robots":{"index":"index","follow":"follow","max-snippet":"max-snippet:-1","max-image-preview":"max-image-preview:large","max-video-preview":"max-video-preview:-1"},"canonical":"https:\/\/modelarzeolsztyn.pl\/index.php\/2019\/03\/03\/zapisy-na-x-festiwal-kultury-modelarskiej-rozpoczete\/","og_locale":"pl_PL","og_type":"article","og_title":"Zapisy na X Festiwal Kultury Modelarskiej rozpocz\u0119te! - Olszty\u0144skie Stowarzyszenie Modelarzy &quot;Warmia&quot;","og_description":"Zapisy na X Festiwal Kultury Modelarskiej w Olsztynie uruchomione. W dniach 30-31 marca odb\u0119dzie si\u0119 kolejny &#8211; jubileuszowy bo dziesi\u0105ty festiwal modelarski w Olsztynie. Jako g\u0142\u00f3wny organizator imprezy zapraszamy wszystkich modelarzy, sympatyk\u00f3w i obserwatorow do uczestnictwa w naszym festiwalu. Zach\u0119camy jednocze\u015bnie uczestnik\u00f3w do zapis\u00f3w poprzez stron\u0119 internetow\u0105, kt\u00f3re od tej chwili s\u0105 dla Was dost\u0119pne.Wi\u0119cej oZapisy na X Festiwal Kultury Modelarskiej rozpocz\u0119te![...]","og_url":"https:\/\/modelarzeolsztyn.pl\/index.php\/2019\/03\/03\/zapisy-na-x-festiwal-kultury-modelarskiej-rozpoczete\/","og_site_name":"Olszty\u0144skie Stowarzyszenie Modelarzy &quot;Warmia&quot;","article_publisher":"https:\/\/www.facebook.com\/Olszty%c5%84skie-Stowarzyszenie-Modelarzy-Warmia-1049089618478093\/","article_published_time":"2019-03-03T18:26:47+00:00","article_modified_time":"2019-03-15T07:54:18+00:00","og_image":[{"width":640,"height":960,"url":"https:\/\/modelarzeolsztyn.pl\/wp-content\/uploads\/2019\/01\/Xfestiwal.jpg","type":"image\/jpeg"}],"author":"xychu","twitter_card":"summary_large_image","twitter_misc":{"Napisane przez":"xychu","Szacowany czas czytania":"3 minuty"},"schema":{"@context":"https:\/\/schema.org","@graph":[{"@type":"Article","@id":"https:\/\/modelarzeolsztyn.pl\/index.php\/2019\/03\/03\/zapisy-na-x-festiwal-kultury-modelarskiej-rozpoczete\/#article","isPartOf":{"@id":"https:\/\/modelarzeolsztyn.pl\/index.php\/2019\/03\/03\/zapisy-na-x-festiwal-kultury-modelarskiej-rozpoczete\/"},"author":{"name":"xychu","@id":"https:\/\/modelarzeolsztyn.pl\/#\/schema\/person\/c62f133d440e75d3fe3eda0ea7f064d8"},"headline":"Zapisy na X Festiwal Kultury Modelarskiej rozpocz\u0119te!","datePublished":"2019-03-03T18:26:47+00:00","dateModified":"2019-03-15T07:54:18+00:00","mainEntityOfPage":{"@id":"https:\/\/modelarzeolsztyn.pl\/index.php\/2019\/03\/03\/zapisy-na-x-festiwal-kultury-modelarskiej-rozpoczete\/"},"wordCount":682,"commentCount":4,"publisher":{"@id":"https:\/\/modelarzeolsztyn.pl\/#organization"},"image":{"@id":"https:\/\/modelarzeolsztyn.pl\/index.php\/2019\/03\/03\/zapisy-na-x-festiwal-kultury-modelarskiej-rozpoczete\/#primaryimage"},"thumbnailUrl":"https:\/\/modelarzeolsztyn.pl\/wp-content\/uploads\/2019\/01\/Xfestiwal.jpg","articleSection":["Konkursy","Wydarzenia oko\u0142omodelarskie"],"inLanguage":"pl-PL","potentialAction":[{"@type":"CommentAction","name":"Comment","target":["https:\/\/modelarzeolsztyn.pl\/index.php\/2019\/03\/03\/zapisy-na-x-festiwal-kultury-modelarskiej-rozpoczete\/#respond"]}]},{"@type":"WebPage","@id":"https:\/\/modelarzeolsztyn.pl\/index.php\/2019\/03\/03\/zapisy-na-x-festiwal-kultury-modelarskiej-rozpoczete\/","url":"https:\/\/modelarzeolsztyn.pl\/index.php\/2019\/03\/03\/zapisy-na-x-festiwal-kultury-modelarskiej-rozpoczete\/","name":"Zapisy na X Festiwal Kultury Modelarskiej rozpocz\u0119te! - Olszty\u0144skie Stowarzyszenie Modelarzy &quot;Warmia&quot;","isPartOf":{"@id":"https:\/\/modelarzeolsztyn.pl\/#website"},"primaryImageOfPage":{"@id":"https:\/\/modelarzeolsztyn.pl\/index.php\/2019\/03\/03\/zapisy-na-x-festiwal-kultury-modelarskiej-rozpoczete\/#primaryimage"},"image":{"@id":"https:\/\/modelarzeolsztyn.pl\/index.php\/2019\/03\/03\/zapisy-na-x-festiwal-kultury-modelarskiej-rozpoczete\/#primaryimage"},"thumbnailUrl":"https:\/\/modelarzeolsztyn.pl\/wp-content\/uploads\/2019\/01\/Xfestiwal.jpg","datePublished":"2019-03-03T18:26:47+00:00","dateModified":"2019-03-15T07:54:18+00:00","breadcrumb":{"@id":"https:\/\/modelarzeolsztyn.pl\/index.php\/2019\/03\/03\/zapisy-na-x-festiwal-kultury-modelarskiej-rozpoczete\/#breadcrumb"},"inLanguage":"pl-PL","potentialAction":[{"@type":"ReadAction","target":["https:\/\/modelarzeolsztyn.pl\/index.php\/2019\/03\/03\/zapisy-na-x-festiwal-kultury-modelarskiej-rozpoczete\/"]}]},{"@type":"ImageObject","inLanguage":"pl-PL","@id":"https:\/\/modelarzeolsztyn.pl\/index.php\/2019\/03\/03\/zapisy-na-x-festiwal-kultury-modelarskiej-rozpoczete\/#primaryimage","url":"https:\/\/modelarzeolsztyn.pl\/wp-content\/uploads\/2019\/01\/Xfestiwal.jpg","contentUrl":"https:\/\/modelarzeolsztyn.pl\/wp-content\/uploads\/2019\/01\/Xfestiwal.jpg","width":640,"height":960},{"@type":"BreadcrumbList","@id":"https:\/\/modelarzeolsztyn.pl\/index.php\/2019\/03\/03\/zapisy-na-x-festiwal-kultury-modelarskiej-rozpoczete\/#breadcrumb","itemListElement":[{"@type":"ListItem","position":1,"name":"Strona g\u0142\u00f3wna","item":"https:\/\/modelarzeolsztyn.pl\/"},{"@type":"ListItem","position":2,"name":"Zapisy na X Festiwal Kultury Modelarskiej rozpocz\u0119te!"}]},{"@type":"WebSite","@id":"https:\/\/modelarzeolsztyn.pl\/#website","url":"https:\/\/modelarzeolsztyn.pl\/","name":"Olszty\u0144skie Stowarzyszenie Modelarzy &quot;Warmia&quot;","description":"Witryna stowarzyszenia zapale\u0144c\u00f3w modelarskich z Olsztyna i okolic","publisher":{"@id":"https:\/\/modelarzeolsztyn.pl\/#organization"},"potentialAction":[{"@type":"SearchAction","target":{"@type":"EntryPoint","urlTemplate":"https:\/\/modelarzeolsztyn.pl\/?s={search_term_string}"},"query-input":{"@type":"PropertyValueSpecification","valueRequired":true,"valueName":"search_term_string"}}],"inLanguage":"pl-PL"},{"@type":"Organization","@id":"https:\/\/modelarzeolsztyn.pl\/#organization","name":"Olszty\u0144skie Stowarzyszenie Modelarzy \"Warmia\"","url":"https:\/\/modelarzeolsztyn.pl\/","logo":{"@type":"ImageObject","inLanguage":"pl-PL","@id":"https:\/\/modelarzeolsztyn.pl\/#\/schema\/logo\/image\/","url":"https:\/\/modelarzeolsztyn.pl\/wp-content\/uploads\/2017\/08\/cropped-logoprzez.png","contentUrl":"https:\/\/modelarzeolsztyn.pl\/wp-content\/uploads\/2017\/08\/cropped-logoprzez.png","width":512,"height":512,"caption":"Olszty\u0144skie Stowarzyszenie Modelarzy \"Warmia\""},"image":{"@id":"https:\/\/modelarzeolsztyn.pl\/#\/schema\/logo\/image\/"},"sameAs":["https:\/\/www.facebook.com\/Olszty\u0144skie-Stowarzyszenie-Modelarzy-Warmia-1049089618478093\/"]},{"@type":"Person","@id":"https:\/\/modelarzeolsztyn.pl\/#\/schema\/person\/c62f133d440e75d3fe3eda0ea7f064d8","name":"xychu","image":{"@type":"ImageObject","inLanguage":"pl-PL","@id":"https:\/\/modelarzeolsztyn.pl\/#\/schema\/person\/image\/","url":"https:\/\/secure.gravatar.com\/avatar\/e82a7c048d8e8fab01975bc0c6ef7565?s=96&d=mm&r=g","contentUrl":"https:\/\/secure.gravatar.com\/avatar\/e82a7c048d8e8fab01975bc0c6ef7565?s=96&d=mm&r=g","caption":"xychu"}}]}},"_links":{"self":[{"href":"https:\/\/modelarzeolsztyn.pl\/index.php\/wp-json\/wp\/v2\/posts\/693"}],"collection":[{"href":"https:\/\/modelarzeolsztyn.pl\/index.php\/wp-json\/wp\/v2\/posts"}],"about":[{"href":"https:\/\/modelarzeolsztyn.pl\/index.php\/wp-json\/wp\/v2\/types\/post"}],"author":[{"embeddable":true,"href":"https:\/\/modelarzeolsztyn.pl\/index.php\/wp-json\/wp\/v2\/users\/1"}],"replies":[{"embeddable":true,"href":"https:\/\/modelarzeolsztyn.pl\/index.php\/wp-json\/wp\/v2\/comments?post=693"}],"version-history":[{"count":6,"href":"https:\/\/modelarzeolsztyn.pl\/index.php\/wp-json\/wp\/v2\/posts\/693\/revisions"}],"predecessor-version":[{"id":704,"href":"https:\/\/modelarzeolsztyn.pl\/index.php\/wp-json\/wp\/v2\/posts\/693\/revisions\/704"}],"wp:featuredmedia":[{"embeddable":true,"href":"https:\/\/modelarzeolsztyn.pl\/index.php\/wp-json\/wp\/v2\/media\/665"}],"wp:attachment":[{"href":"https:\/\/modelarzeolsztyn.pl\/index.php\/wp-json\/wp\/v2\/media?parent=693"}],"wp:term":[{"taxonomy":"category","embeddable":true,"href":"https:\/\/modelarzeolsztyn.pl\/index.php\/wp-json\/wp\/v2\/categories?post=693"},{"taxonomy":"post_tag","embeddable":true,"href":"https:\/\/modelarzeolsztyn.pl\/index.php\/wp-json\/wp\/v2\/tags?post=693"}],"curies":[{"name":"wp","href":"https:\/\/api.w.org\/{rel}","templated":true}]}}